{"id":9349,"date":"2026-03-23T09:16:52","date_gmt":"2026-03-23T12:16:52","guid":{"rendered":"https:\/\/portaldeyoung.uy\/?p=9349"},"modified":"2026-03-25T08:52:10","modified_gmt":"2026-03-25T11:52:10","slug":"fray-bentos-se-prepara-para-la-27a-semana-criolla-de-el-rincon","status":"publish","type":"post","link":"https:\/\/portaldeyoung.uy\/index.php\/2026\/03\/23\/fray-bentos-se-prepara-para-la-27a-semana-criolla-de-el-rincon\/","title":{"rendered":"Fray Bentos se prepara para la 27\u00aa Semana Criolla de El Rinc\u00f3n"},"content":{"rendered":"\n<p><strong>Del 28 de marzo al 5 de abril, Fray Bentos volver\u00e1 a vivir una de sus celebraciones m\u00e1s tradicionales, con propuestas para toda la familia, espect\u00e1culos y actividades recreativas.<\/strong><\/p>\n\n\n\n<p>La Sociedad Nativista El Rinc\u00f3n lanz\u00f3 oficialmente la 27\u00aa edici\u00f3n de su Semana Criolla, con la participaci\u00f3n del intendente de R\u00edo Negro, Guillermo Levratto, junto a integrantes de la instituci\u00f3n y representantes de ASONC.<\/p>\n\n\n\n<p>Durante nueve d\u00edas, la programaci\u00f3n convocar\u00e1 a vecinos y visitantes, combinando tradici\u00f3n y encuentro comunitario. El intendente destac\u00f3 el trabajo conjunto en la organizaci\u00f3n y el impacto de la actividad: \u201cAporta al turismo y genera espacios de recreaci\u00f3n que hoy la gente necesita\u201d.<\/p>\n\n\n\n<p>Como en ediciones anteriores, la propuesta tendr\u00e1 adem\u00e1s un componente solidario, con la participaci\u00f3n de ASONC, escuelas rurales, clubes deportivos y organizaciones educativas.<\/p>\n\n\n\n<p>La Semana Criolla se consolida as\u00ed como un evento que, adem\u00e1s de preservar la tradici\u00f3n, genera trabajo, fortalece la comunidad y aporta al desarrollo del departamento, en l\u00ednea con una forma de gesti\u00f3n que apuesta a crecer sin perder identidad.<\/p>\n\n\n\n<figure class=\"wp-block-image\"><a class=\"w-image-h\" href=\"https:\/\/www.rionegro.gub.uy\/wp-content\/uploads\/2026\/03\/semana-criolla.jpeg\"><img decoding=\"async\" src=\"https:\/\/www.rionegro.gub.uy\/wp-content\/uploads\/2026\/03\/semana-criolla.jpeg\" alt=\"\"\/><\/a><\/figure>\n","protected":false},"excerpt":{"rendered":"<p>Del 28 de marzo al 5 de abril, Fray Bentos volver\u00e1 a vivir una de sus celebraciones m\u00e1s tradicionales, con propuestas para toda la familia,<\/p>\n","protected":false},"author":1,"featured_media":3299,"comment_status":"closed","ping_status":"open","sticky":false,"template":"","format":"standard","meta":{"advgb_blocks_editor_width":"","advgb_blocks_columns_visual_guide":"","footnotes":"","jetpack_publicize_message":"La Sociedad Nativista El Rinc\u00f3n lanz\u00f3 oficialmente la 27\u00aa edici\u00f3n de su Semana Criolla, con la ...Lee la nota completa\ud83d\udc47","jetpack_publicize_feature_enabled":true,"jetpack_social_post_already_shared":false,"jetpack_social_options":{"image_generator_settings":{"template":"highway","default_image_id":0,"font":"","enabled":false},"version":2}},"categories":[29],"tags":[],"class_list":["post-9349","post","type-post","status-publish","format-standard","has-post-thumbnail","hentry","category-del-territorio"],"author_meta":{"display_name":"Portal","author_link":"https:\/\/portaldeyoung.uy\/index.php\/author\/admin_port\/"},"featured_img":"https:\/\/portaldeyoung.uy\/wp-content\/uploads\/2025\/09\/jineteadas-300x206.jpeg","jetpack_publicize_connections":[],"coauthors":[],"tax_additional":{"categories":{"linked":["<a href=\"https:\/\/portaldeyoung.uy\/index.php\/category\/del-territorio\/\" class=\"advgb-post-tax-term\">Del territorio<\/a>"],"unlinked":["<span class=\"advgb-post-tax-term\">Del territorio<\/span>"]}},"comment_count":"0","relative_dates":{"created":"Publicado 1 mes hace","modified":"Actualizado 1 mes hace"},"absolute_dates":{"created":"Publicado el marzo 23, 2026","modified":"Actualizado el marzo 25, 2026"},"absolute_dates_time":{"created":"Publicado el marzo 23, 2026 9:16 am","modified":"Actualizado el marzo 25, 2026 8:52 am"},"featured_img_caption":"","series_order":"","_links":{"self":[{"href":"https:\/\/portaldeyoung.uy\/index.php\/wp-json\/wp\/v2\/posts\/9349","targetHints":{"allow":["GET"]}}],"collection":[{"href":"https:\/\/portaldeyoung.uy\/index.php\/wp-json\/wp\/v2\/posts"}],"about":[{"href":"https:\/\/portaldeyoung.uy\/index.php\/wp-json\/wp\/v2\/types\/post"}],"author":[{"embeddable":true,"href":"https:\/\/portaldeyoung.uy\/index.php\/wp-json\/wp\/v2\/users\/1"}],"replies":[{"embeddable":true,"href":"https:\/\/portaldeyoung.uy\/index.php\/wp-json\/wp\/v2\/comments?post=9349"}],"version-history":[{"count":1,"href":"https:\/\/portaldeyoung.uy\/index.php\/wp-json\/wp\/v2\/posts\/9349\/revisions"}],"predecessor-version":[{"id":9350,"href":"https:\/\/portaldeyoung.uy\/index.php\/wp-json\/wp\/v2\/posts\/9349\/revisions\/9350"}],"wp:featuredmedia":[{"embeddable":true,"href":"https:\/\/portaldeyoung.uy\/index.php\/wp-json\/wp\/v2\/media\/3299"}],"wp:attachment":[{"href":"https:\/\/portaldeyoung.uy\/index.php\/wp-json\/wp\/v2\/media?parent=9349"}],"wp:term":[{"taxonomy":"category","embeddable":true,"href":"https:\/\/portaldeyoung.uy\/index.php\/wp-json\/wp\/v2\/categories?post=9349"},{"taxonomy":"post_tag","embeddable":true,"href":"https:\/\/portaldeyoung.uy\/index.php\/wp-json\/wp\/v2\/tags?post=9349"}],"curies":[{"name":"wp","href":"https:\/\/api.w.org\/{rel}","templated":true}]}}