{"id":9347,"date":"2026-03-23T09:15:08","date_gmt":"2026-03-23T12:15:08","guid":{"rendered":"https:\/\/portaldeyoung.uy\/?p=9347"},"modified":"2026-03-25T08:52:23","modified_gmt":"2026-03-25T11:52:23","slug":"la-intendencia-informa-que-comenzaron-los-trabajos-en-camino-paso-de-la-cruz","status":"publish","type":"post","link":"https:\/\/portaldeyoung.uy\/index.php\/2026\/03\/23\/la-intendencia-informa-que-comenzaron-los-trabajos-en-camino-paso-de-la-cruz\/","title":{"rendered":"La intendencia informa que comenzaron los trabajos en camino Paso de la Cruz"},"content":{"rendered":"\n<h5 class=\"wp-block-heading\">Comenzaron los trabajos de reparaci\u00f3n en el camino Paso de la Cruz \u2013 Menafra, en el marco del acuerdo firmado entre la Intendencia de R\u00edo Negro y la empresa UPM.<\/h5>\n\n\n\n<p>La intervenci\u00f3n inici\u00f3 el pasaado mi\u00e9rcoles con tareas a cargo de la empresa, que incluyen reacondicionamiento y estabilizaci\u00f3n del tramo, dando respuesta a una situaci\u00f3n concreta planteada por la comunidad y constatada en territorio.<\/p>\n\n\n\n<p>Una vez finalizada esta etapa, la Intendencia continuar\u00e1 con nuevas tareas para consolidar la mejora del camino, en una intervenci\u00f3n coordinada que apunta a una soluci\u00f3n m\u00e1s duradera para este corredor clave del departamento.<\/p>\n\n\n\n<p><em>*IMAGEN MERAMENTE ILUSTRATIVA<\/em><\/p>\n","protected":false},"excerpt":{"rendered":"<p>Comenzaron los trabajos de reparaci\u00f3n en el camino Paso de la Cruz \u2013 Menafra, en el marco del acuerdo firmado entre la Intendencia de R\u00edo<\/p>\n","protected":false},"author":1,"featured_media":6060,"comment_status":"closed","ping_status":"open","sticky":false,"template":"","format":"standard","meta":{"advgb_blocks_editor_width":"","advgb_blocks_columns_visual_guide":"","footnotes":"","jetpack_publicize_message":"Comenzaron los trabajos de reparaci\u00f3n en el camino Paso de la Cruz \u2013 Menafra, en el marco del acuerdo firmado entre la Intendencia de R\u00edo Negro y la empresa UPM ...Lee la nota completa\ud83d\udc47","jetpack_publicize_feature_enabled":true,"jetpack_social_post_already_shared":false,"jetpack_social_options":{"image_generator_settings":{"template":"highway","default_image_id":0,"font":"","enabled":false},"version":2}},"categories":[29],"tags":[],"class_list":["post-9347","post","type-post","status-publish","format-standard","has-post-thumbnail","hentry","category-del-territorio"],"author_meta":{"display_name":"Portal","author_link":"https:\/\/portaldeyoung.uy\/index.php\/author\/admin_port\/"},"featured_img":"https:\/\/portaldeyoung.uy\/wp-content\/uploads\/2025\/11\/camineria-rural-300x169.jpg","jetpack_publicize_connections":[],"coauthors":[],"tax_additional":{"categories":{"linked":["<a href=\"https:\/\/portaldeyoung.uy\/index.php\/category\/del-territorio\/\" class=\"advgb-post-tax-term\">Del territorio<\/a>"],"unlinked":["<span class=\"advgb-post-tax-term\">Del territorio<\/span>"]}},"comment_count":"0","relative_dates":{"created":"Publicado 1 mes hace","modified":"Actualizado 1 mes hace"},"absolute_dates":{"created":"Publicado el marzo 23, 2026","modified":"Actualizado el marzo 25, 2026"},"absolute_dates_time":{"created":"Publicado el marzo 23, 2026 9:15 am","modified":"Actualizado el marzo 25, 2026 8:52 am"},"featured_img_caption":"","series_order":"","_links":{"self":[{"href":"https:\/\/portaldeyoung.uy\/index.php\/wp-json\/wp\/v2\/posts\/9347","targetHints":{"allow":["GET"]}}],"collection":[{"href":"https:\/\/portaldeyoung.uy\/index.php\/wp-json\/wp\/v2\/posts"}],"about":[{"href":"https:\/\/portaldeyoung.uy\/index.php\/wp-json\/wp\/v2\/types\/post"}],"author":[{"embeddable":true,"href":"https:\/\/portaldeyoung.uy\/index.php\/wp-json\/wp\/v2\/users\/1"}],"replies":[{"embeddable":true,"href":"https:\/\/portaldeyoung.uy\/index.php\/wp-json\/wp\/v2\/comments?post=9347"}],"version-history":[{"count":2,"href":"https:\/\/portaldeyoung.uy\/index.php\/wp-json\/wp\/v2\/posts\/9347\/revisions"}],"predecessor-version":[{"id":9367,"href":"https:\/\/portaldeyoung.uy\/index.php\/wp-json\/wp\/v2\/posts\/9347\/revisions\/9367"}],"wp:featuredmedia":[{"embeddable":true,"href":"https:\/\/portaldeyoung.uy\/index.php\/wp-json\/wp\/v2\/media\/6060"}],"wp:attachment":[{"href":"https:\/\/portaldeyoung.uy\/index.php\/wp-json\/wp\/v2\/media?parent=9347"}],"wp:term":[{"taxonomy":"category","embeddable":true,"href":"https:\/\/portaldeyoung.uy\/index.php\/wp-json\/wp\/v2\/categories?post=9347"},{"taxonomy":"post_tag","embeddable":true,"href":"https:\/\/portaldeyoung.uy\/index.php\/wp-json\/wp\/v2\/tags?post=9347"}],"curies":[{"name":"wp","href":"https:\/\/api.w.org\/{rel}","templated":true}]}}