{"id":9345,"date":"2026-03-23T09:09:31","date_gmt":"2026-03-23T12:09:31","guid":{"rendered":"https:\/\/portaldeyoung.uy\/?p=9345"},"modified":"2026-03-23T09:09:34","modified_gmt":"2026-03-23T12:09:34","slug":"condenaron-con-prision-a-cuatro-hombres-por-robar-en-la-casa-de-la-mujer-asesinada-en-artigas","status":"publish","type":"post","link":"https:\/\/portaldeyoung.uy\/index.php\/2026\/03\/23\/condenaron-con-prision-a-cuatro-hombres-por-robar-en-la-casa-de-la-mujer-asesinada-en-artigas\/","title":{"rendered":"Condenaron con prisi\u00f3n a cuatro hombres por robar en la casa de la mujer asesinada en Artigas"},"content":{"rendered":"\n<p>Tres recibieron penas de hasta 14 meses de prisi\u00f3n por hurto agravado y el cuarto fue condenado por receptaci\u00f3n a 8 meses de c\u00e1rcel.<\/p>\n\n\n\n<p>La Justicia de Artigas conden\u00f3 en proceso abreviado a cuatro hombres que hab\u00edan ingresado a la vivienda de Silvia Moreira, la mujer asesinada por su expareja en la ciudad, en la medianoche del mi\u00e9rcoles.<\/p>\n\n\n\n<p>Tres de los imputados fueron condenados como autores y coautores de un delito de hurto agravado por penetraci\u00f3n de domicilio, pluriparticipaci\u00f3n y nocturnidad, con penas de entre 10 y 14 meses de prisi\u00f3n efectiva. El cuarto fue condenado por receptaci\u00f3n y deber\u00e1 cumplir 8 meses de c\u00e1rcel.<\/p>\n\n\n\n<p>El robo ocurri\u00f3 en la madrugada del viernes, cuando entraron a la casa ubicada en el barrio Cerro Ejido y se llevaron varios objetos. La Polic\u00eda logr\u00f3 recuperar las pertenencias y detener a los responsables.<\/p>\n\n\n\n<p>El femicidio de Silvia Moreira hab\u00eda ocurrido horas antes en la misma vivienda. El agresor, su expareja, se present\u00f3 en la Unidad de Violencia Dom\u00e9stica y de G\u00e9nero de la seccional 2\u00aa, donde se entreg\u00f3 y aport\u00f3 las armas utilizadas.<\/p>\n\n\n\n<p>La mujer recibi\u00f3 un disparo de arma de fuego que comprometi\u00f3 la car\u00f3tida y luego fue atacada con un arma blanca, seg\u00fan el informe forense. En la casa se encontraban los dos hijos de la pareja, de 7 y 11 a\u00f1os.<\/p>\n\n\n\n<p>El hombre no ten\u00eda antecedentes penales y fue trasladado a Montevideo por razones de seguridad. La Justicia dispuso que cumpla 180 d\u00edas de prisi\u00f3n preventiva mientras avanza la investigaci\u00f3n por homicidio muy especialmente agravado por femicidio y por haber sido cometido en presencia de menores.<\/p>\n\n\n\n<p>Los dos ni\u00f1os quedaron bajo protecci\u00f3n de INAU por disposici\u00f3n de Fiscal\u00eda y la Justicia.<\/p>\n","protected":false},"excerpt":{"rendered":"<p>Tres recibieron penas de hasta 14 meses de prisi\u00f3n por hurto agravado y el cuarto fue condenado por receptaci\u00f3n a 8 meses de c\u00e1rcel. La<\/p>\n","protected":false},"author":1,"featured_media":7443,"comment_status":"closed","ping_status":"open","sticky":false,"template":"","format":"standard","meta":{"advgb_blocks_editor_width":"","advgb_blocks_columns_visual_guide":"","footnotes":"","jetpack_publicize_message":"Tres de los imputados fueron condenados como autores y coautores de un delito de hurto agravado por penetraci\u00f3n de domicilio, pluriparticipaci\u00f3n y ...Lee la nota completa\ud83d\udc47","jetpack_publicize_feature_enabled":true,"jetpack_social_post_already_shared":false,"jetpack_social_options":{"image_generator_settings":{"template":"highway","default_image_id":0,"font":"","enabled":false},"version":2}},"categories":[7],"tags":[],"class_list":["post-9345","post","type-post","status-publish","format-standard","has-post-thumbnail","hentry","category-del-pais"],"author_meta":{"display_name":"Portal","author_link":"https:\/\/portaldeyoung.uy\/index.php\/author\/admin_port\/"},"featured_img":"https:\/\/portaldeyoung.uy\/wp-content\/uploads\/2026\/01\/policia-patrullero-300x196.jpg","jetpack_publicize_connections":[],"coauthors":[],"tax_additional":{"categories":{"linked":["<a href=\"https:\/\/portaldeyoung.uy\/index.php\/category\/del-pais\/\" class=\"advgb-post-tax-term\">Del pa\u00eds<\/a>"],"unlinked":["<span class=\"advgb-post-tax-term\">Del pa\u00eds<\/span>"]}},"comment_count":"0","relative_dates":{"created":"Publicado 1 mes hace","modified":"Actualizado 1 mes hace"},"absolute_dates":{"created":"Publicado el marzo 23, 2026","modified":"Actualizado el marzo 23, 2026"},"absolute_dates_time":{"created":"Publicado el marzo 23, 2026 9:09 am","modified":"Actualizado el marzo 23, 2026 9:09 am"},"featured_img_caption":"","series_order":"","_links":{"self":[{"href":"https:\/\/portaldeyoung.uy\/index.php\/wp-json\/wp\/v2\/posts\/9345","targetHints":{"allow":["GET"]}}],"collection":[{"href":"https:\/\/portaldeyoung.uy\/index.php\/wp-json\/wp\/v2\/posts"}],"about":[{"href":"https:\/\/portaldeyoung.uy\/index.php\/wp-json\/wp\/v2\/types\/post"}],"author":[{"embeddable":true,"href":"https:\/\/portaldeyoung.uy\/index.php\/wp-json\/wp\/v2\/users\/1"}],"replies":[{"embeddable":true,"href":"https:\/\/portaldeyoung.uy\/index.php\/wp-json\/wp\/v2\/comments?post=9345"}],"version-history":[{"count":1,"href":"https:\/\/portaldeyoung.uy\/index.php\/wp-json\/wp\/v2\/posts\/9345\/revisions"}],"predecessor-version":[{"id":9346,"href":"https:\/\/portaldeyoung.uy\/index.php\/wp-json\/wp\/v2\/posts\/9345\/revisions\/9346"}],"wp:featuredmedia":[{"embeddable":true,"href":"https:\/\/portaldeyoung.uy\/index.php\/wp-json\/wp\/v2\/media\/7443"}],"wp:attachment":[{"href":"https:\/\/portaldeyoung.uy\/index.php\/wp-json\/wp\/v2\/media?parent=9345"}],"wp:term":[{"taxonomy":"category","embeddable":true,"href":"https:\/\/portaldeyoung.uy\/index.php\/wp-json\/wp\/v2\/categories?post=9345"},{"taxonomy":"post_tag","embeddable":true,"href":"https:\/\/portaldeyoung.uy\/index.php\/wp-json\/wp\/v2\/tags?post=9345"}],"curies":[{"name":"wp","href":"https:\/\/api.w.org\/{rel}","templated":true}]}}