{"id":9343,"date":"2026-03-23T09:03:48","date_gmt":"2026-03-23T12:03:48","guid":{"rendered":"https:\/\/portaldeyoung.uy\/?p=9343"},"modified":"2026-03-23T09:03:50","modified_gmt":"2026-03-23T12:03:50","slug":"fue-a-prision-el-responsable-de-pasfer-una-de-las-principales-tenedoras-de-animales-de-conexion-ganadera","status":"publish","type":"post","link":"https:\/\/portaldeyoung.uy\/index.php\/2026\/03\/23\/fue-a-prision-el-responsable-de-pasfer-una-de-las-principales-tenedoras-de-animales-de-conexion-ganadera\/","title":{"rendered":"Fue a prisi\u00f3n el responsable de Pasfer, una de las principales tenedoras de animales de Conexi\u00f3n Ganadera"},"content":{"rendered":"\n<p>Maximiliano Rodr\u00edguez fue acusado de apropiaci\u00f3n indebida y falsificaci\u00f3n ideol\u00f3gica por un particular. Abogado de damnificados entiende que la viuda de Gustavo Basso tambi\u00e9n deber\u00eda ir a prisi\u00f3n.<\/p>\n\n\n\n<p>El fiscal de Lavado de Activos, Enrique Rodr\u00edguez, solicit\u00f3 la <strong>prisi\u00f3n preventiva<\/strong> de Maximiliano Rodr\u00edguez, responsable de la empresa Pasfer, una de las principales tenedoras de ganado de <strong>Conexi\u00f3n Ganadera<\/strong>.<\/p>\n\n\n\n<p>La Justicia hizo lugar al pedido y Rodr\u00edguez fue a prisi\u00f3n preventiva por 100 d\u00edas para evitar un posible riesgo de fuga mientras contin\u00faa la investigaci\u00f3n. Inicialmente, el fiscal hab\u00eda pedido 120 d\u00edas, pero ante un pedido de la defensa se redujo a 100. La medida cautelar se dispuso por entender que existe riesgo de fuga por el poder\u00edo econ\u00f3mico y de entorpecimiento de la investigaci\u00f3n.<\/p>\n\n\n\n<p>El empresario fue acusado de apropiaci\u00f3n indebida y falsificaci\u00f3n ideol\u00f3gica por un particular.<\/p>\n\n\n\n<p>La Fiscal\u00eda entiende que los ahorristas de Conexi\u00f3n Ganadera perdieron alrededor de 4 millones de d\u00f3lares por la vinculaci\u00f3n con Pasfer. Seg\u00fan la investigaci\u00f3n, esa empresa deb\u00eda tener casi 6.000 animales de los ahorristas en su poder, pero en febrero del a\u00f1o pasado ten\u00eda solo unos 800.<\/p>\n\n\n\n<p>El abogado de los damnificados de Conexi\u00f3n Ganadera, Juan Pablo Decia, dijo a <strong><em>Subrayado<\/em><\/strong> que la imputaci\u00f3n del responsable de Pasfer es un antecedente muy potente para otros tomadores de ganado vinculados, como es el caso de Daniela Cabral, esposa de Gustavo Basso, que cumple prisi\u00f3n domiciliaria por estafa.<\/p>\n\n\n\n<p>La Fiscal\u00eda aguarda un informe sobre la cantidad de ganado que deber\u00eda tener Cabral como tomadora externa por Don Coraje. Seg\u00fan Decia, Cabral no ten\u00eda los m\u00e1s de 22.000 animales que le correspond\u00edan. El abogado entiende que Cabral tambi\u00e9n debe ir a prisi\u00f3n por estar en las mismas condiciones de tomadora de ganado pero sin tener a los animales que declaraba.<\/p>\n","protected":false},"excerpt":{"rendered":"<p>Maximiliano Rodr\u00edguez fue acusado de apropiaci\u00f3n indebida y falsificaci\u00f3n ideol\u00f3gica por un particular. Abogado de damnificados entiende que la viuda de Gustavo Basso tambi\u00e9n deber\u00eda<\/p>\n","protected":false},"author":1,"featured_media":1540,"comment_status":"closed","ping_status":"open","sticky":false,"template":"","format":"standard","meta":{"advgb_blocks_editor_width":"","advgb_blocks_columns_visual_guide":"","footnotes":"","jetpack_publicize_message":"La Justicia hizo lugar al pedido y Rodr\u00edguez fue a prisi\u00f3n preventiva por 100 d\u00edas para evitar un posible riesgo de fuga mientras contin\u00faa la investigaci\u00f3n ...Lee la nota completa\ud83d\udc47","jetpack_publicize_feature_enabled":true,"jetpack_social_post_already_shared":false,"jetpack_social_options":{"image_generator_settings":{"template":"highway","default_image_id":0,"font":"","enabled":false},"version":2}},"categories":[7],"tags":[],"class_list":["post-9343","post","type-post","status-publish","format-standard","has-post-thumbnail","hentry","category-del-pais"],"author_meta":{"display_name":"Portal","author_link":"https:\/\/portaldeyoung.uy\/index.php\/author\/admin_port\/"},"featured_img":"https:\/\/portaldeyoung.uy\/wp-content\/uploads\/2025\/07\/ganado-300x169.jpg","jetpack_publicize_connections":[],"coauthors":[],"tax_additional":{"categories":{"linked":["<a href=\"https:\/\/portaldeyoung.uy\/index.php\/category\/del-pais\/\" class=\"advgb-post-tax-term\">Del pa\u00eds<\/a>"],"unlinked":["<span class=\"advgb-post-tax-term\">Del pa\u00eds<\/span>"]}},"comment_count":"0","relative_dates":{"created":"Publicado 1 mes hace","modified":"Actualizado 1 mes hace"},"absolute_dates":{"created":"Publicado el marzo 23, 2026","modified":"Actualizado el marzo 23, 2026"},"absolute_dates_time":{"created":"Publicado el marzo 23, 2026 9:03 am","modified":"Actualizado el marzo 23, 2026 9:03 am"},"featured_img_caption":"","series_order":"","_links":{"self":[{"href":"https:\/\/portaldeyoung.uy\/index.php\/wp-json\/wp\/v2\/posts\/9343","targetHints":{"allow":["GET"]}}],"collection":[{"href":"https:\/\/portaldeyoung.uy\/index.php\/wp-json\/wp\/v2\/posts"}],"about":[{"href":"https:\/\/portaldeyoung.uy\/index.php\/wp-json\/wp\/v2\/types\/post"}],"author":[{"embeddable":true,"href":"https:\/\/portaldeyoung.uy\/index.php\/wp-json\/wp\/v2\/users\/1"}],"replies":[{"embeddable":true,"href":"https:\/\/portaldeyoung.uy\/index.php\/wp-json\/wp\/v2\/comments?post=9343"}],"version-history":[{"count":1,"href":"https:\/\/portaldeyoung.uy\/index.php\/wp-json\/wp\/v2\/posts\/9343\/revisions"}],"predecessor-version":[{"id":9344,"href":"https:\/\/portaldeyoung.uy\/index.php\/wp-json\/wp\/v2\/posts\/9343\/revisions\/9344"}],"wp:featuredmedia":[{"embeddable":true,"href":"https:\/\/portaldeyoung.uy\/index.php\/wp-json\/wp\/v2\/media\/1540"}],"wp:attachment":[{"href":"https:\/\/portaldeyoung.uy\/index.php\/wp-json\/wp\/v2\/media?parent=9343"}],"wp:term":[{"taxonomy":"category","embeddable":true,"href":"https:\/\/portaldeyoung.uy\/index.php\/wp-json\/wp\/v2\/categories?post=9343"},{"taxonomy":"post_tag","embeddable":true,"href":"https:\/\/portaldeyoung.uy\/index.php\/wp-json\/wp\/v2\/tags?post=9343"}],"curies":[{"name":"wp","href":"https:\/\/api.w.org\/{rel}","templated":true}]}}