{"id":9322,"date":"2026-03-22T07:56:55","date_gmt":"2026-03-22T10:56:55","guid":{"rendered":"https:\/\/portaldeyoung.uy\/?p=9322"},"modified":"2026-03-23T08:54:51","modified_gmt":"2026-03-23T11:54:51","slug":"accidente-fatal-en-ruta-3-a-pocos-kilometros-de-paysandu","status":"publish","type":"post","link":"https:\/\/portaldeyoung.uy\/index.php\/2026\/03\/22\/accidente-fatal-en-ruta-3-a-pocos-kilometros-de-paysandu\/","title":{"rendered":"Accidente fatal en ruta 3, a pocos kil\u00f3metros de Paysand\u00fa"},"content":{"rendered":"\n<p>Una mujer falleci\u00f3 en un grav\u00edsimo siniestro de tr\u00e1nsito registrado pr\u00f3ximo a las 20 de ayer a la altura del kil\u00f3metro 378 de la ruta 3, a unos tres kil\u00f3metros del ingreso a Paysand\u00fa por avenida de Las Am\u00e9ricas, lo que motiv\u00f3 un amplio despliegue de Polic\u00eda Caminera, efectivos policiales, Bomberos y unidades de emergencia m\u00e9dica.<\/p>\n\n\n\n<p>De acuerdo a datos primarios recabados por el diario sanducero, el hecho involucr\u00f3 a dos autom\u00f3viles, ambos con matr\u00edcula de Paysand\u00fa. En uno de los veh\u00edculos, un Hyundai, se desplazaba un hombre junto a su esposa \u2014quien cursaba un embarazo\u2014 y un adolescente de 13 a\u00f1os. Se presume que circulaban en direcci\u00f3n al sur cuando, por causas que se investigan, colisionaron frontalmente con un Volkswagen Bora, conducido por otro hombre que llevaba como acompa\u00f1ante a una mujer.<\/p>\n\n\n\n<p>La violencia del impacto provoc\u00f3 severos da\u00f1os en la parte frontal de ambos rodados, que incluso realizaron trompos tras la colisi\u00f3n. El Hyundai qued\u00f3 sobre la faja pavimentada, orientado hacia el Este, mientras que el otro veh\u00edculo despist\u00f3 hacia la faja natural oeste.<\/p>\n\n\n\n<p>En los primeros momentos, particulares que se encontraban en la zona brindaron asistencia a los involucrados hasta la llegada de los equipos de emergencia. A su arribo, los profesionales de la salud priorizaron la atenci\u00f3n de la acompa\u00f1ante del Hyundai, quien presentaba el cuadro m\u00e1s delicado. Si bien fue estabilizada en una camilla, se constat\u00f3 su fallecimiento al momento de intentar su traslado hacia la ambulancia. El conductor del Hyundai y el adolescente fueron asistidos en el lugar, permaneciendo en todo momento contenidos por los equipos actuantes.<\/p>\n\n\n\n<p>Por su parte, la acompa\u00f1ante del Volkswagen Bora debi\u00f3 ser rescatada por personal de Bomberos mediante el uso de herramientas hidr\u00e1ulicas, presentando m\u00faltiples traumatismos y fracturas, por lo que fue trasladada para su atenci\u00f3n.<\/p>\n\n\n\n<p>Las actuaciones contin\u00faan a fin de establecer las circunstancias en que se produjo el siniestro.<\/p>\n\n\n\n<p><em>*El Tel\u00e9grafo<\/em><\/p>\n","protected":false},"excerpt":{"rendered":"<p>Una mujer falleci\u00f3 en un grav\u00edsimo siniestro de tr\u00e1nsito registrado pr\u00f3ximo a las 20 de ayer a la altura del kil\u00f3metro 378 de la ruta<\/p>\n","protected":false},"author":1,"featured_media":9323,"comment_status":"closed","ping_status":"open","sticky":false,"template":"","format":"standard","meta":{"advgb_blocks_editor_width":"","advgb_blocks_columns_visual_guide":"","footnotes":"","jetpack_publicize_message":"Una mujer falleci\u00f3 en un grav\u00edsimo siniestro de tr\u00e1nsito registrado pr\u00f3ximo a las 20 de ayer a la altura del kil\u00f3metro 378 de la ruta 3, a unos tres kil\u00f3metros del ingreso a ...Lee la nota completa\ud83d\udc47","jetpack_publicize_feature_enabled":true,"jetpack_social_post_already_shared":false,"jetpack_social_options":{"image_generator_settings":{"template":"highway","default_image_id":0,"font":"","enabled":false},"version":2}},"categories":[7],"tags":[],"class_list":["post-9322","post","type-post","status-publish","format-standard","has-post-thumbnail","hentry","category-del-pais"],"author_meta":{"display_name":"Portal","author_link":"https:\/\/portaldeyoung.uy\/index.php\/author\/admin_port\/"},"featured_img":"https:\/\/portaldeyoung.uy\/wp-content\/uploads\/2026\/03\/accidente-300x169.jpg","jetpack_publicize_connections":[],"coauthors":[],"tax_additional":{"categories":{"linked":["<a href=\"https:\/\/portaldeyoung.uy\/index.php\/category\/del-pais\/\" class=\"advgb-post-tax-term\">Del pa\u00eds<\/a>"],"unlinked":["<span class=\"advgb-post-tax-term\">Del pa\u00eds<\/span>"]}},"comment_count":"0","relative_dates":{"created":"Publicado 1 mes hace","modified":"Actualizado 1 mes hace"},"absolute_dates":{"created":"Publicado el marzo 22, 2026","modified":"Actualizado el marzo 23, 2026"},"absolute_dates_time":{"created":"Publicado el marzo 22, 2026 7:56 am","modified":"Actualizado el marzo 23, 2026 8:54 am"},"featured_img_caption":"","series_order":"","_links":{"self":[{"href":"https:\/\/portaldeyoung.uy\/index.php\/wp-json\/wp\/v2\/posts\/9322","targetHints":{"allow":["GET"]}}],"collection":[{"href":"https:\/\/portaldeyoung.uy\/index.php\/wp-json\/wp\/v2\/posts"}],"about":[{"href":"https:\/\/portaldeyoung.uy\/index.php\/wp-json\/wp\/v2\/types\/post"}],"author":[{"embeddable":true,"href":"https:\/\/portaldeyoung.uy\/index.php\/wp-json\/wp\/v2\/users\/1"}],"replies":[{"embeddable":true,"href":"https:\/\/portaldeyoung.uy\/index.php\/wp-json\/wp\/v2\/comments?post=9322"}],"version-history":[{"count":1,"href":"https:\/\/portaldeyoung.uy\/index.php\/wp-json\/wp\/v2\/posts\/9322\/revisions"}],"predecessor-version":[{"id":9324,"href":"https:\/\/portaldeyoung.uy\/index.php\/wp-json\/wp\/v2\/posts\/9322\/revisions\/9324"}],"wp:featuredmedia":[{"embeddable":true,"href":"https:\/\/portaldeyoung.uy\/index.php\/wp-json\/wp\/v2\/media\/9323"}],"wp:attachment":[{"href":"https:\/\/portaldeyoung.uy\/index.php\/wp-json\/wp\/v2\/media?parent=9322"}],"wp:term":[{"taxonomy":"category","embeddable":true,"href":"https:\/\/portaldeyoung.uy\/index.php\/wp-json\/wp\/v2\/categories?post=9322"},{"taxonomy":"post_tag","embeddable":true,"href":"https:\/\/portaldeyoung.uy\/index.php\/wp-json\/wp\/v2\/tags?post=9322"}],"curies":[{"name":"wp","href":"https:\/\/api.w.org\/{rel}","templated":true}]}}