{"id":932,"date":"2025-07-01T10:12:12","date_gmt":"2025-07-01T10:12:12","guid":{"rendered":"https:\/\/portaldeyoung.uy\/?p=932"},"modified":"2025-07-01T10:12:14","modified_gmt":"2025-07-01T10:12:14","slug":"sin-novedades-en-la-busqueda-de-la-joven-catherine-medina","status":"publish","type":"post","link":"https:\/\/portaldeyoung.uy\/index.php\/2025\/07\/01\/sin-novedades-en-la-busqueda-de-la-joven-catherine-medina\/","title":{"rendered":"Sin novedades en la b\u00fasqueda de la j\u00f3ven Catherine Medina"},"content":{"rendered":"\n<p>Ayer lunes culmin\u00f3 una nueva jornada de b\u00fasqueda de Catherine Medina joven que est\u00e1 desaparecida desde el pasado jueves cuando se fue de su casa. Este lunes se continu\u00f3 con la tarea de rastrillaje en la zona pero no hubo resultados.<\/p>\n\n\n\n<p>Se estima que este martes haya un aumento del \u00e1rea de b\u00fasqueda y que adem\u00e1s de Prefectura se pueda hacer presente una unidad de Aviaci\u00f3n Naval. La familia reclam\u00f3 en esta jornada que se sume personal del batall\u00f3n de Infanter\u00eda No 9 que participan de los cursos de buzos t\u00e1cticos.<\/p>\n\n\n\n<p>La situaci\u00f3n de angustia aumenta para la familia con el paso de las horas y sin que haya novedades. Se ha tratado de reconstruir los \u00faltimos momentos de ella, tanto en su casa, as\u00ed como el trayecto que hizo hasta la rambla costanera, lugar donde fue visualizada a trav\u00e9s de las c\u00e1maras de seguridad.<\/p>\n\n\n\n<p><em>*R\u00edo Negro Ahora<\/em><\/p>\n","protected":false},"excerpt":{"rendered":"<p>Ayer lunes culmin\u00f3 una nueva jornada de b\u00fasqueda de Catherine Medina joven que est\u00e1 desaparecida desde el pasado jueves cuando se fue de su casa.<\/p>\n","protected":false},"author":1,"featured_media":933,"comment_status":"open","ping_status":"open","sticky":false,"template":"","format":"standard","meta":{"advgb_blocks_editor_width":"","advgb_blocks_columns_visual_guide":"","footnotes":"","jetpack_publicize_message":"","jetpack_publicize_feature_enabled":true,"jetpack_social_post_already_shared":true,"jetpack_social_options":{"image_generator_settings":{"template":"highway","default_image_id":0,"font":"","enabled":false},"version":2}},"categories":[6],"tags":[],"class_list":["post-932","post","type-post","status-publish","format-standard","has-post-thumbnail","hentry","category-del-departamento"],"author_meta":{"display_name":"Portal","author_link":"https:\/\/portaldeyoung.uy\/index.php\/author\/admin_port\/"},"featured_img":"https:\/\/portaldeyoung.uy\/wp-content\/uploads\/2025\/07\/busqueda-policia-medina-300x219.png","jetpack_publicize_connections":[],"coauthors":[],"tax_additional":{"categories":{"linked":["<a href=\"https:\/\/portaldeyoung.uy\/index.php\/category\/del-departamento\/\" class=\"advgb-post-tax-term\">Del departamento<\/a>"],"unlinked":["<span class=\"advgb-post-tax-term\">Del departamento<\/span>"]}},"comment_count":"0","relative_dates":{"created":"Publicado 10 meses hace","modified":"Actualizado 10 meses hace"},"absolute_dates":{"created":"Publicado el julio 1, 2025","modified":"Actualizado el julio 1, 2025"},"absolute_dates_time":{"created":"Publicado el julio 1, 2025 10:12 am","modified":"Actualizado el julio 1, 2025 10:12 am"},"featured_img_caption":"","series_order":"","_links":{"self":[{"href":"https:\/\/portaldeyoung.uy\/index.php\/wp-json\/wp\/v2\/posts\/932","targetHints":{"allow":["GET"]}}],"collection":[{"href":"https:\/\/portaldeyoung.uy\/index.php\/wp-json\/wp\/v2\/posts"}],"about":[{"href":"https:\/\/portaldeyoung.uy\/index.php\/wp-json\/wp\/v2\/types\/post"}],"author":[{"embeddable":true,"href":"https:\/\/portaldeyoung.uy\/index.php\/wp-json\/wp\/v2\/users\/1"}],"replies":[{"embeddable":true,"href":"https:\/\/portaldeyoung.uy\/index.php\/wp-json\/wp\/v2\/comments?post=932"}],"version-history":[{"count":1,"href":"https:\/\/portaldeyoung.uy\/index.php\/wp-json\/wp\/v2\/posts\/932\/revisions"}],"predecessor-version":[{"id":934,"href":"https:\/\/portaldeyoung.uy\/index.php\/wp-json\/wp\/v2\/posts\/932\/revisions\/934"}],"wp:featuredmedia":[{"embeddable":true,"href":"https:\/\/portaldeyoung.uy\/index.php\/wp-json\/wp\/v2\/media\/933"}],"wp:attachment":[{"href":"https:\/\/portaldeyoung.uy\/index.php\/wp-json\/wp\/v2\/media?parent=932"}],"wp:term":[{"taxonomy":"category","embeddable":true,"href":"https:\/\/portaldeyoung.uy\/index.php\/wp-json\/wp\/v2\/categories?post=932"},{"taxonomy":"post_tag","embeddable":true,"href":"https:\/\/portaldeyoung.uy\/index.php\/wp-json\/wp\/v2\/tags?post=932"}],"curies":[{"name":"wp","href":"https:\/\/api.w.org\/{rel}","templated":true}]}}