{"id":9288,"date":"2026-03-20T14:49:54","date_gmt":"2026-03-20T17:49:54","guid":{"rendered":"https:\/\/portaldeyoung.uy\/?p=9288"},"modified":"2026-03-20T14:50:22","modified_gmt":"2026-03-20T17:50:22","slug":"fallecio-residente-de-colonia-ofir-que-protagonizo-siniestro-cerca-de-la-lata","status":"publish","type":"post","link":"https:\/\/portaldeyoung.uy\/index.php\/2026\/03\/20\/fallecio-residente-de-colonia-ofir-que-protagonizo-siniestro-cerca-de-la-lata\/","title":{"rendered":"Falleci\u00f3 residente de Colonia Ofir que protagoniz\u00f3 siniestro cerca de La Lata"},"content":{"rendered":"\n<p>Un hombre de 76 a\u00f1os perdi\u00f3 la vida luego de permanecer casi cuatro meses internado por las lesiones que sufri\u00f3 al protagonizar un siniestro de tr\u00e1nsito ocurrido el 4 de noviembre de 2025 en la entrada a Porvenir.<br>El hecho tuvo lugar pr\u00f3ximo a las 11.15 de la v\u00edspera, se pod\u00eda leer en el diario de la capital sanducera,  a la altura del kil\u00f3metro 364 de la ruta 3, cerca de la radial hacia Porvenir, al sur de Paysand\u00fa cuando la camioneta Toyota Hilux doble cabina, matr\u00edcula HAB 294, que se desplazaba hacia el norte impact\u00f3 de frente contra un cami\u00f3n JAC, matr\u00edcula JYP 5404, que lo hac\u00eda en sentido contrario.<\/p>\n\n\n\n<p>La camioneta era conducida por un hombre de 63 a\u00f1os y llevaba como acompa\u00f1antes a una se\u00f1ora de 70 a\u00f1os y un hombre de 76, todos residentes de Colonia Ofir en San Javier. Se desplazaban detr\u00e1s de otro cami\u00f3n que se dispon\u00eda a ingresar a una empresa de construcci\u00f3n ubicada sobre la margen Este de la ruta. Cuando \u00e9ste encendi\u00f3 el se\u00f1alero para efectuar la maniobra, el conductor de la Toyota se habr\u00eda visto sorprendido y aplic\u00f3 los frenos bruscamente, perdiendo el control del veh\u00edculo y desvi\u00e1ndose hacia el centro de la calzada justo en el momento en que pasaba el cami\u00f3n de mediano porte, lo que deriv\u00f3 en el violento impacto frontal. Como consecuencia, los tres ocupantes de la camioneta sufrieron lesiones de entidad y debieron ser rescatados y trasladados de inmediato por emergencias m\u00f3viles y ambulancias al Hospital Escuela del Litoral. El chofer del cami\u00f3n JAC, un hombre de 48 a\u00f1os, result\u00f3 con lesiones leves en las rodillas.<br>En tanto, casi cuatro meses despu\u00e9s se inform\u00f3 del deceso de Sergei Anufriev Chukchalem, a quien conoc\u00edan como \u201cSergio\u201d, uno de los primeros rusos en recorrer los barrios de Paysand\u00fa ofreciendo sus productos con un carro<\/p>\n\n\n\n<p>*El Tel\u00e9grafo<\/p>\n","protected":false},"excerpt":{"rendered":"<p>Un hombre de 76 a\u00f1os perdi\u00f3 la vida luego de permanecer casi cuatro meses internado por las lesiones que sufri\u00f3 al protagonizar un siniestro de<\/p>\n","protected":false},"author":1,"featured_media":9289,"comment_status":"closed","ping_status":"open","sticky":false,"template":"","format":"standard","meta":{"advgb_blocks_editor_width":"","advgb_blocks_columns_visual_guide":"","footnotes":"","jetpack_publicize_message":"Un hombre de 76 a\u00f1os perdi\u00f3 la vida luego de permanecer casi cuatro meses internado por las lesiones que sufri\u00f3 al protagonizar un siniestro de tr\u00e1nsito ocurrido el 4 de noviembre de 2025 en ..Lee la nota completa\ud83d\udc47","jetpack_publicize_feature_enabled":true,"jetpack_social_post_already_shared":false,"jetpack_social_options":{"image_generator_settings":{"template":"highway","default_image_id":0,"font":"","enabled":false},"version":2}},"categories":[7],"tags":[],"class_list":["post-9288","post","type-post","status-publish","format-standard","has-post-thumbnail","hentry","category-del-pais"],"author_meta":{"display_name":"Portal","author_link":"https:\/\/portaldeyoung.uy\/index.php\/author\/admin_port\/"},"featured_img":"https:\/\/portaldeyoung.uy\/wp-content\/uploads\/2026\/03\/choque-ofir-300x169.jpg","jetpack_publicize_connections":[],"coauthors":[],"tax_additional":{"categories":{"linked":["<a href=\"https:\/\/portaldeyoung.uy\/index.php\/category\/del-pais\/\" class=\"advgb-post-tax-term\">Del pa\u00eds<\/a>"],"unlinked":["<span class=\"advgb-post-tax-term\">Del pa\u00eds<\/span>"]}},"comment_count":"0","relative_dates":{"created":"Publicado 1 mes hace","modified":"Actualizado 1 mes hace"},"absolute_dates":{"created":"Publicado el marzo 20, 2026","modified":"Actualizado el marzo 20, 2026"},"absolute_dates_time":{"created":"Publicado el marzo 20, 2026 2:49 pm","modified":"Actualizado el marzo 20, 2026 2:50 pm"},"featured_img_caption":"","series_order":"","_links":{"self":[{"href":"https:\/\/portaldeyoung.uy\/index.php\/wp-json\/wp\/v2\/posts\/9288","targetHints":{"allow":["GET"]}}],"collection":[{"href":"https:\/\/portaldeyoung.uy\/index.php\/wp-json\/wp\/v2\/posts"}],"about":[{"href":"https:\/\/portaldeyoung.uy\/index.php\/wp-json\/wp\/v2\/types\/post"}],"author":[{"embeddable":true,"href":"https:\/\/portaldeyoung.uy\/index.php\/wp-json\/wp\/v2\/users\/1"}],"replies":[{"embeddable":true,"href":"https:\/\/portaldeyoung.uy\/index.php\/wp-json\/wp\/v2\/comments?post=9288"}],"version-history":[{"count":2,"href":"https:\/\/portaldeyoung.uy\/index.php\/wp-json\/wp\/v2\/posts\/9288\/revisions"}],"predecessor-version":[{"id":9292,"href":"https:\/\/portaldeyoung.uy\/index.php\/wp-json\/wp\/v2\/posts\/9288\/revisions\/9292"}],"wp:featuredmedia":[{"embeddable":true,"href":"https:\/\/portaldeyoung.uy\/index.php\/wp-json\/wp\/v2\/media\/9289"}],"wp:attachment":[{"href":"https:\/\/portaldeyoung.uy\/index.php\/wp-json\/wp\/v2\/media?parent=9288"}],"wp:term":[{"taxonomy":"category","embeddable":true,"href":"https:\/\/portaldeyoung.uy\/index.php\/wp-json\/wp\/v2\/categories?post=9288"},{"taxonomy":"post_tag","embeddable":true,"href":"https:\/\/portaldeyoung.uy\/index.php\/wp-json\/wp\/v2\/tags?post=9288"}],"curies":[{"name":"wp","href":"https:\/\/api.w.org\/{rel}","templated":true}]}}