{"id":9285,"date":"2026-03-19T17:36:02","date_gmt":"2026-03-19T20:36:02","guid":{"rendered":"https:\/\/portaldeyoung.uy\/?p=9285"},"modified":"2026-03-23T21:12:43","modified_gmt":"2026-03-24T00:12:43","slug":"comenzaron-tareas-de-limpieza-y-preparacion-de-terrenos-para-futuros-desarrollos-habitacionales-en-fraccionamiento-marin","status":"publish","type":"post","link":"https:\/\/portaldeyoung.uy\/index.php\/2026\/03\/19\/comenzaron-tareas-de-limpieza-y-preparacion-de-terrenos-para-futuros-desarrollos-habitacionales-en-fraccionamiento-marin\/","title":{"rendered":"Comenzaron tareas de limpieza y preparaci\u00f3n de terrenos para futuros desarrollos habitacionales en fraccionamiento Mar\u00edn"},"content":{"rendered":"\n<p> La Direcci\u00f3n de Obras de la Intendencia, comenz\u00f3 con tareas de limpieza y acondicionamiento en el fraccionamiento Mar\u00edn, ubicado en el sector lindero al Barrio J4 de la ciudad de Young.<\/p>\n\n\n\n<p>En esta primera etapa se est\u00e1n retirando troncos, tocones y restos de vegetaci\u00f3n que hab\u00edan quedado en el lugar tras el corte de \u00e1rboles realizado anteriormente. Los trabajos se desarrollan con maquinaria pesada, que adem\u00e1s realiza el movimiento de suelo y el retiro de la capa vegetal del terreno.<\/p>\n\n\n\n<p>Estas intervenciones permitir\u00e1n preparar el \u00e1rea para las pr\u00f3ximas etapas de infraestructura. En ese sentido, est\u00e1 previsto avanzar inicialmente con la instalaci\u00f3n del sistema de saneamiento en toda la zona, comenzando por la calle donde actualmente se desarrollan las tareas y continuando posteriormente en el resto del fraccionamiento.<\/p>\n\n\n\n<p>Una vez culminada esa etapa, se podr\u00e1 avanzar en la apertura y construcci\u00f3n de calles, en el marco del proceso de preparaci\u00f3n del terreno destinado a futuros desarrollos habitacionales.<\/p>\n","protected":false},"excerpt":{"rendered":"<p>La Direcci\u00f3n de Obras de la Intendencia, comenz\u00f3 con tareas de limpieza y acondicionamiento en el fraccionamiento Mar\u00edn, ubicado en el sector lindero al Barrio<\/p>\n","protected":false},"author":1,"featured_media":9286,"comment_status":"closed","ping_status":"open","sticky":false,"template":"","format":"standard","meta":{"advgb_blocks_editor_width":"","advgb_blocks_columns_visual_guide":"","footnotes":"","jetpack_publicize_message":"La Direcci\u00f3n de Obras de la Intendencia, comenz\u00f3 con tareas de limpieza y acondicionamiento en el fraccionamiento Mar\u00edn, ubicado en el sector lindero al ...Lee la nota completa\ud83d\udc47","jetpack_publicize_feature_enabled":true,"jetpack_social_post_already_shared":false,"jetpack_social_options":{"image_generator_settings":{"template":"highway","default_image_id":0,"font":"","enabled":false},"version":2}},"categories":[28],"tags":[],"class_list":["post-9285","post","type-post","status-publish","format-standard","has-post-thumbnail","hentry","category-de-la-ciudad"],"author_meta":{"display_name":"Portal","author_link":"https:\/\/portaldeyoung.uy\/index.php\/author\/admin_port\/"},"featured_img":"https:\/\/portaldeyoung.uy\/wp-content\/uploads\/2026\/03\/trabajo-en-predio-marin-300x135.jpeg","jetpack_publicize_connections":[],"coauthors":[],"tax_additional":{"categories":{"linked":["<a href=\"https:\/\/portaldeyoung.uy\/index.php\/category\/de-la-ciudad\/\" class=\"advgb-post-tax-term\">De la ciudad<\/a>"],"unlinked":["<span class=\"advgb-post-tax-term\">De la ciudad<\/span>"]}},"comment_count":"0","relative_dates":{"created":"Publicado 1 mes hace","modified":"Actualizado 1 mes hace"},"absolute_dates":{"created":"Publicado el marzo 19, 2026","modified":"Actualizado el marzo 23, 2026"},"absolute_dates_time":{"created":"Publicado el marzo 19, 2026 5:36 pm","modified":"Actualizado el marzo 23, 2026 9:12 pm"},"featured_img_caption":"","series_order":"","_links":{"self":[{"href":"https:\/\/portaldeyoung.uy\/index.php\/wp-json\/wp\/v2\/posts\/9285","targetHints":{"allow":["GET"]}}],"collection":[{"href":"https:\/\/portaldeyoung.uy\/index.php\/wp-json\/wp\/v2\/posts"}],"about":[{"href":"https:\/\/portaldeyoung.uy\/index.php\/wp-json\/wp\/v2\/types\/post"}],"author":[{"embeddable":true,"href":"https:\/\/portaldeyoung.uy\/index.php\/wp-json\/wp\/v2\/users\/1"}],"replies":[{"embeddable":true,"href":"https:\/\/portaldeyoung.uy\/index.php\/wp-json\/wp\/v2\/comments?post=9285"}],"version-history":[{"count":1,"href":"https:\/\/portaldeyoung.uy\/index.php\/wp-json\/wp\/v2\/posts\/9285\/revisions"}],"predecessor-version":[{"id":9287,"href":"https:\/\/portaldeyoung.uy\/index.php\/wp-json\/wp\/v2\/posts\/9285\/revisions\/9287"}],"wp:featuredmedia":[{"embeddable":true,"href":"https:\/\/portaldeyoung.uy\/index.php\/wp-json\/wp\/v2\/media\/9286"}],"wp:attachment":[{"href":"https:\/\/portaldeyoung.uy\/index.php\/wp-json\/wp\/v2\/media?parent=9285"}],"wp:term":[{"taxonomy":"category","embeddable":true,"href":"https:\/\/portaldeyoung.uy\/index.php\/wp-json\/wp\/v2\/categories?post=9285"},{"taxonomy":"post_tag","embeddable":true,"href":"https:\/\/portaldeyoung.uy\/index.php\/wp-json\/wp\/v2\/tags?post=9285"}],"curies":[{"name":"wp","href":"https:\/\/api.w.org\/{rel}","templated":true}]}}