{"id":9282,"date":"2026-03-19T17:24:30","date_gmt":"2026-03-19T20:24:30","guid":{"rendered":"https:\/\/portaldeyoung.uy\/?p=9282"},"modified":"2026-03-23T10:46:06","modified_gmt":"2026-03-23T13:46:06","slug":"inicio-de-ciclo-de-talleres-en-genero-y-masculinidades-para-el-funcionariado-municipal","status":"publish","type":"post","link":"https:\/\/portaldeyoung.uy\/index.php\/2026\/03\/19\/inicio-de-ciclo-de-talleres-en-genero-y-masculinidades-para-el-funcionariado-municipal\/","title":{"rendered":"Inicio de ciclo de talleres en g\u00e9nero y masculinidades para el funcionariado municipal"},"content":{"rendered":"\n<p><strong>La Unidad de Juventud, G\u00e9nero y Diversidad y el apoyo del Departamento de Pol\u00edticas Sociales de la comuna, dio inicio en Young, un ciclo de talleres de sensibilizaci\u00f3n en g\u00e9nero, en el marco de las actividades por el 8 de marzo, D\u00eda Internacional de las Mujeres.<\/strong><\/p>\n\n\n\n<p>La primera instancia se desarroll\u00f3 en el Centro Socio Cultural y estuvo a cargo de las licenciadas en Trabajo Social, Claudia da Costa y Silvana Barufaldi, abordando tem\u00e1ticas vinculadas al g\u00e9nero y la importancia de generar espacios de reflexi\u00f3n colectiva.<\/p>\n\n\n\n<p>La propuesta est\u00e1 dirigida a todo el funcionariado y se extender\u00e1 durante el a\u00f1o, con el objetivo de promover una mirada transversal en estas tem\u00e1ticas, fortaleciendo las pr\u00e1cticas de relacionamiento y contribuyendo a la construcci\u00f3n de entornos laborales m\u00e1s saludables y respetuosos.<\/p>\n\n\n\n<p>Asimismo, el ciclo incluir\u00e1 nuevas instancias sobre g\u00e9nero, masculinidades y salud mental, reafirmando el compromiso institucional con la capacitaci\u00f3n, el bienestar y la promoci\u00f3n de derechos.<\/p>\n\n\n\n<p><em>*IRN<\/em><\/p>\n","protected":false},"excerpt":{"rendered":"<p>La Unidad de Juventud, G\u00e9nero y Diversidad y el apoyo del Departamento de Pol\u00edticas Sociales de la comuna, dio inicio en Young, un ciclo de<\/p>\n","protected":false},"author":1,"featured_media":9283,"comment_status":"closed","ping_status":"open","sticky":false,"template":"","format":"standard","meta":{"advgb_blocks_editor_width":"","advgb_blocks_columns_visual_guide":"","footnotes":"","jetpack_publicize_message":"La primera instancia se desarroll\u00f3 en el Centro Socio Cultural y estuvo a cargo de las licenciadas en Trabajo Social, Claudia da Costa y ...Lee la nota completa\ud83d\udc47","jetpack_publicize_feature_enabled":true,"jetpack_social_post_already_shared":false,"jetpack_social_options":{"image_generator_settings":{"template":"highway","default_image_id":0,"font":"","enabled":false},"version":2}},"categories":[28],"tags":[],"class_list":["post-9282","post","type-post","status-publish","format-standard","has-post-thumbnail","hentry","category-de-la-ciudad"],"author_meta":{"display_name":"Portal","author_link":"https:\/\/portaldeyoung.uy\/index.php\/author\/admin_port\/"},"featured_img":"https:\/\/portaldeyoung.uy\/wp-content\/uploads\/2026\/03\/talleres-genero-300x169.jpeg","jetpack_publicize_connections":[],"coauthors":[],"tax_additional":{"categories":{"linked":["<a href=\"https:\/\/portaldeyoung.uy\/index.php\/category\/de-la-ciudad\/\" class=\"advgb-post-tax-term\">De la ciudad<\/a>"],"unlinked":["<span class=\"advgb-post-tax-term\">De la ciudad<\/span>"]}},"comment_count":"0","relative_dates":{"created":"Publicado 1 mes hace","modified":"Actualizado 1 mes hace"},"absolute_dates":{"created":"Publicado el marzo 19, 2026","modified":"Actualizado el marzo 23, 2026"},"absolute_dates_time":{"created":"Publicado el marzo 19, 2026 5:24 pm","modified":"Actualizado el marzo 23, 2026 10:46 am"},"featured_img_caption":"","series_order":"","_links":{"self":[{"href":"https:\/\/portaldeyoung.uy\/index.php\/wp-json\/wp\/v2\/posts\/9282","targetHints":{"allow":["GET"]}}],"collection":[{"href":"https:\/\/portaldeyoung.uy\/index.php\/wp-json\/wp\/v2\/posts"}],"about":[{"href":"https:\/\/portaldeyoung.uy\/index.php\/wp-json\/wp\/v2\/types\/post"}],"author":[{"embeddable":true,"href":"https:\/\/portaldeyoung.uy\/index.php\/wp-json\/wp\/v2\/users\/1"}],"replies":[{"embeddable":true,"href":"https:\/\/portaldeyoung.uy\/index.php\/wp-json\/wp\/v2\/comments?post=9282"}],"version-history":[{"count":1,"href":"https:\/\/portaldeyoung.uy\/index.php\/wp-json\/wp\/v2\/posts\/9282\/revisions"}],"predecessor-version":[{"id":9284,"href":"https:\/\/portaldeyoung.uy\/index.php\/wp-json\/wp\/v2\/posts\/9282\/revisions\/9284"}],"wp:featuredmedia":[{"embeddable":true,"href":"https:\/\/portaldeyoung.uy\/index.php\/wp-json\/wp\/v2\/media\/9283"}],"wp:attachment":[{"href":"https:\/\/portaldeyoung.uy\/index.php\/wp-json\/wp\/v2\/media?parent=9282"}],"wp:term":[{"taxonomy":"category","embeddable":true,"href":"https:\/\/portaldeyoung.uy\/index.php\/wp-json\/wp\/v2\/categories?post=9282"},{"taxonomy":"post_tag","embeddable":true,"href":"https:\/\/portaldeyoung.uy\/index.php\/wp-json\/wp\/v2\/tags?post=9282"}],"curies":[{"name":"wp","href":"https:\/\/api.w.org\/{rel}","templated":true}]}}