{"id":9279,"date":"2026-03-19T17:19:28","date_gmt":"2026-03-19T20:19:28","guid":{"rendered":"https:\/\/portaldeyoung.uy\/?p=9279"},"modified":"2026-03-23T10:46:17","modified_gmt":"2026-03-23T13:46:17","slug":"se-procura-regular-la-actividad-de-los-cuidacoches-en-el-departamento","status":"publish","type":"post","link":"https:\/\/portaldeyoung.uy\/index.php\/2026\/03\/19\/se-procura-regular-la-actividad-de-los-cuidacoches-en-el-departamento\/","title":{"rendered":"Se procura regular la actividad de los cuidacoches en el departamento"},"content":{"rendered":"\n<p>El Director de Pol\u00edticas Sociales, Bruno Fig\u00fan, anunci\u00f3 que se avanza en la elaboraci\u00f3n de una normativa para regular la actividad de los cuidacoches en Fray Bentos y Young, con el objetivo de ordenar la tarea y brindar mayores garant\u00edas tanto a los trabajadores como a la poblaci\u00f3n, en declaraciones a Impacto Noticias.<\/p>\n\n\n\n<p>En ese marco, se prev\u00e9 una nueva instancia de trabajo con ediles para afinar la redacci\u00f3n final del proyecto, que luego ser\u00e1 tratado en la Comisi\u00f3n de Legislaci\u00f3n para su aprobaci\u00f3n. Posteriormente, el Ejecutivo departamental se encargar\u00e1 de la reglamentaci\u00f3n correspondiente.<\/p>\n\n\n\n<p>En paralelo, se llevar\u00e1n adelante encuentros con los propios cuidacoches en Fray Bentos y Young, donde ya se tiene identificado a quienes desarrollan esta actividad. La intenci\u00f3n es informarles sobre la futura normativa, escuchar sus aportes y contemplar su experiencia en el dise\u00f1o final.<\/p>\n\n\n\n<p>Desde la Direcci\u00f3n de Pol\u00edticas Sociales se considera positivo contar con un registro formal de estas personas. A diferencia de otras ciudades m\u00e1s grandes como Montevideo, en R\u00edo Negro la funci\u00f3n no est\u00e1 asociada a la seguridad del veh\u00edculo, sino m\u00e1s bien a un servicio de acompa\u00f1amiento, asistencia al estacionar y colaboraci\u00f3n con los usuarios.<\/p>\n\n\n\n<p>En ese sentido, se prev\u00e9 implementar capacitaciones obligatorias, principalmente en normas de tr\u00e1nsito, atenci\u00f3n al p\u00fablico y convivencia ciudadana, con el objetivo de profesionalizar la actividad.<\/p>\n\n\n\n<p>Adem\u00e1s, quienes est\u00e9n amparados por la normativa contar\u00e1n con una identificaci\u00f3n visible, que incluir\u00e1 un carnet con foto y posiblemente un chaleco con numeraci\u00f3n. Esto permitir\u00e1 a la poblaci\u00f3n reconocer f\u00e1cilmente a quienes est\u00e1n habilitados para desempe\u00f1ar la tarea.<\/p>\n\n\n\n<p>Fig\u00fan aclar\u00f3 que no se tratar\u00e1 de funcionarios municipales, pero s\u00ed de una actividad regulada dentro de un marco legal, que les otorgue respaldo y ordene su funcionamiento.<\/p>\n\n\n\n<p>Actualmente, se estima que en Fray Bentos hay entre 10 y 15 cuidacoches activos, principalmente en zonas de supermercados, la Plaza Constituci\u00f3n y eventos masivos como partidos de f\u00fatbol. En Young, en tanto, se han identificado alrededor de seis personas en esta actividad. <\/p>\n\n\n\n<p><strong>CUIDACOCHES RESPALDAN LA REGULACI\u00d3N: \u201cSER\u00cdA BUENAZO PARA TRABAJAR TRANQUILOS\u201d<\/strong><\/p>\n\n\n\n<p>En medio del avance de la normativa que busca regular la actividad de los cuidacoches en Fray Bentos, una de las voces protagonistas es la de H\u00e9ctor Cabral, quien valor\u00f3 positivamente la iniciativa y expres\u00f3 su deseo de que se concrete.<\/p>\n\n\n\n<p>\u201cSer\u00eda buenazo que se regulara, as\u00ed podemos trabajar tranquilos y sin problemas con la gente\u201d, se\u00f1al\u00f3, destacando que actualmente la tarea se desarrolla con respeto, aunque no siempre es comprendida por todos.<\/p>\n\n\n\n<p>Cabral explic\u00f3 que el trabajo es diario y depende casi exclusivamente de la voluntad de las personas. \u201cA veces hay propina, a veces no. Hay gente que no puede dar, pero a nosotros nos sirve todo, hasta para poder comer\u201d, afirm\u00f3.<\/p>\n\n\n\n<p>En cuanto a los ingresos, indic\u00f3 que var\u00edan considerablemente seg\u00fan los d\u00edas. Durante jornadas de mayor movimiento, como los d\u00edas de cobro o fines de semana, pueden alcanzar alrededor de 1.200 pesos diarios trabajando tanto en la ma\u00f1ana como en la tarde. Sin embargo, en d\u00edas m\u00e1s tranquilos, la cifra baja a unos 500 o 600 pesos, e incluso menos.<\/p>\n\n\n\n<p>\u201cEl movimiento fuerte es hasta el 10 o el 15 del mes. Despu\u00e9s empieza a decaer\u201d, explic\u00f3.<\/p>\n\n\n\n<p>El trabajo, adem\u00e1s, no tiene pausas ni condiciones ideales: \u201cEs sol, lluvia, fr\u00edo, calor\u2026 estamos siempre. En invierno, en verano, siempre firmes ayudando a la gente\u201d, remarc\u00f3.<\/p>\n\n\n\n<p>Sobre la relaci\u00f3n con la ciudadan\u00eda, reconoci\u00f3 que hay opiniones divididas. \u201cHay gente que entiende y hay gente que se enoja. Nosotros no obligamos a nadie ni presionamos. Si quieren, colaboran; si no, no pasa nada\u201d, aclar\u00f3.<\/p>\n\n\n\n<p>Adem\u00e1s del cuidado de los veh\u00edculos, destac\u00f3 que muchas veces brindan asistencia a los clientes, ayudando a trasladar mercader\u00eda o acompa\u00f1ando a personas mayores. \u201cLe damos una mano a todos por igual. A veces nos dan una moneda, a veces comida. Todo suma\u201d, sostuvo.<\/p>\n\n\n\n<p>Finalmente, insisti\u00f3 en la importancia de que la actividad sea reconocida y organizada: \u201cNosotros estamos siempre ac\u00e1, ayudando. Lo que queremos es poder trabajar mejor y con m\u00e1s tranquilidad\u201d.<\/p>\n\n\n\n<p><em>*Impacto Noticias<\/em> &#8211;<em> Imagen ilustrativa<\/em><\/p>\n","protected":false},"excerpt":{"rendered":"<p>El Director de Pol\u00edticas Sociales, Bruno Fig\u00fan, anunci\u00f3 que se avanza en la elaboraci\u00f3n de una normativa para regular la actividad de los cuidacoches en<\/p>\n","protected":false},"author":1,"featured_media":9280,"comment_status":"closed","ping_status":"open","sticky":false,"template":"","format":"standard","meta":{"advgb_blocks_editor_width":"","advgb_blocks_columns_visual_guide":"","footnotes":"","jetpack_publicize_message":"En paralelo, se llevar\u00e1n adelante encuentros con los propios cuidacoches en Fray Bentos y Young, donde ya se tiene identificado a quienes desarrollan esta actividad. La ...Lee la nota completa\ud83d\udc47","jetpack_publicize_feature_enabled":true,"jetpack_social_post_already_shared":false,"jetpack_social_options":{"image_generator_settings":{"template":"highway","default_image_id":0,"font":"","enabled":false},"version":2}},"categories":[28],"tags":[],"class_list":["post-9279","post","type-post","status-publish","format-standard","has-post-thumbnail","hentry","category-de-la-ciudad"],"author_meta":{"display_name":"Portal","author_link":"https:\/\/portaldeyoung.uy\/index.php\/author\/admin_port\/"},"featured_img":"https:\/\/portaldeyoung.uy\/wp-content\/uploads\/2026\/03\/cuidacoches-300x200.jpg","jetpack_publicize_connections":[],"coauthors":[],"tax_additional":{"categories":{"linked":["<a href=\"https:\/\/portaldeyoung.uy\/index.php\/category\/de-la-ciudad\/\" class=\"advgb-post-tax-term\">De la ciudad<\/a>"],"unlinked":["<span class=\"advgb-post-tax-term\">De la ciudad<\/span>"]}},"comment_count":"0","relative_dates":{"created":"Publicado 1 mes hace","modified":"Actualizado 1 mes hace"},"absolute_dates":{"created":"Publicado el marzo 19, 2026","modified":"Actualizado el marzo 23, 2026"},"absolute_dates_time":{"created":"Publicado el marzo 19, 2026 5:19 pm","modified":"Actualizado el marzo 23, 2026 10:46 am"},"featured_img_caption":"","series_order":"","_links":{"self":[{"href":"https:\/\/portaldeyoung.uy\/index.php\/wp-json\/wp\/v2\/posts\/9279","targetHints":{"allow":["GET"]}}],"collection":[{"href":"https:\/\/portaldeyoung.uy\/index.php\/wp-json\/wp\/v2\/posts"}],"about":[{"href":"https:\/\/portaldeyoung.uy\/index.php\/wp-json\/wp\/v2\/types\/post"}],"author":[{"embeddable":true,"href":"https:\/\/portaldeyoung.uy\/index.php\/wp-json\/wp\/v2\/users\/1"}],"replies":[{"embeddable":true,"href":"https:\/\/portaldeyoung.uy\/index.php\/wp-json\/wp\/v2\/comments?post=9279"}],"version-history":[{"count":1,"href":"https:\/\/portaldeyoung.uy\/index.php\/wp-json\/wp\/v2\/posts\/9279\/revisions"}],"predecessor-version":[{"id":9281,"href":"https:\/\/portaldeyoung.uy\/index.php\/wp-json\/wp\/v2\/posts\/9279\/revisions\/9281"}],"wp:featuredmedia":[{"embeddable":true,"href":"https:\/\/portaldeyoung.uy\/index.php\/wp-json\/wp\/v2\/media\/9280"}],"wp:attachment":[{"href":"https:\/\/portaldeyoung.uy\/index.php\/wp-json\/wp\/v2\/media?parent=9279"}],"wp:term":[{"taxonomy":"category","embeddable":true,"href":"https:\/\/portaldeyoung.uy\/index.php\/wp-json\/wp\/v2\/categories?post=9279"},{"taxonomy":"post_tag","embeddable":true,"href":"https:\/\/portaldeyoung.uy\/index.php\/wp-json\/wp\/v2\/tags?post=9279"}],"curies":[{"name":"wp","href":"https:\/\/api.w.org\/{rel}","templated":true}]}}