{"id":9274,"date":"2026-03-19T16:59:04","date_gmt":"2026-03-19T19:59:04","guid":{"rendered":"https:\/\/portaldeyoung.uy\/?p=9274"},"modified":"2026-03-23T21:13:28","modified_gmt":"2026-03-24T00:13:28","slug":"comienza-la-agenda-de-visitas-para-el-bioparque-mbopicua","status":"publish","type":"post","link":"https:\/\/portaldeyoung.uy\/index.php\/2026\/03\/19\/comienza-la-agenda-de-visitas-para-el-bioparque-mbopicua\/","title":{"rendered":"Comienza la agenda de visitas para el Bioparque M\u00b4Bopicua"},"content":{"rendered":"\n<p>El Bioparque M\u2019Bopicu\u00e1 de Montes del Plata volver\u00e1 a abrir sus puertas a la comunidad<\/p>\n\n\n\n<p>Las visitas se realizar\u00e1n durante Semana de Turismo y tambi\u00e9n en vacaciones de invierno, con recorridos que integran biodiversidad, educaci\u00f3n ambiental y patrimonio hist\u00f3rico.<\/p>\n\n\n\n<p>Montes del Plata volver\u00e1 a abrir a la comunidad su Bioparque M\u2019Bopicu\u00e1 durante la Semana de Turismo, con visitas previstas entre el s\u00e1bado 28 de marzo y el domingo 5 de abril. La propuesta tambi\u00e9n tendr\u00e1 una nueva instancia de apertura durante las<\/p>\n\n\n\n<p>vacaciones de invierno.<\/p>\n\n\n\n<p>El lanzamiento de esta nueva edici\u00f3n se realiz\u00f3 en la Sala Ruggia, en la Intendencia de R\u00edo Negro.<\/p>\n\n\n\n<p>Durante el recorrido, los visitantes podr\u00e1n conocer distintas especies de fauna nativa, entre ellas yacar\u00e9s, margays, tamand\u00faas, pumas, coat\u00edes y pecar\u00edes. La experiencia incluye adem\u00e1s del Centro de Visitantes, un espacio interactivo y l\u00fadico, la estaci\u00f3n de fauna, los lagos y los grandes felinos, el Saladero M\u2019Bopicu\u00e1, declarado Monumento Hist\u00f3rico Nacional, el Sendero del Bosque, el Hotel de Insectos, el Jard\u00edn de Mariposas y la colmena interactiva, incorporada para fortalecer la propuesta educativa del Bioparque.<\/p>\n\n\n\n<p>\u201cEl Bioparque M\u00b4Bopicu\u00e1 de Montes del Plata est\u00e1 abierto de marzo a octubre todos los a\u00f1os para que centros educativos lo puedan visitar. En 2022 comenzamos con este programa de apertura a la comunidad y es realmente un \u00e9xito, nos han visitado m\u00e1s de 6000 personas. En pocos d\u00edas se completan los cupos de esta actividad que es gratuita\u201d coment\u00f3 Marina Flores, m\u00e1nager de Sostenibilidad de Montes del Plata.<\/p>\n\n\n\n<p>Y agreg\u00f3: \u201cEstamos muy agradecidos por el inter\u00e9s de la gente de todo el pa\u00eds que quiere visitarnos por lo que este a\u00f1o, nuevamente, vamos a abrirlo en dos oportunidades, en Semana de Turismo y en las vacaciones de julio. El a\u00f1o pasado nos visitaron m\u00e1s de 1.600 personas de la comunidad, que se suman a los casi 5.000 estudiantes de 137 instituciones educativas\u201d.<\/p>\n\n\n\n<p>Las visitas se desarrollar\u00e1n en dos turnos diarios, a las 8:30 y a las 13:30 horas, y tendr\u00e1n una duraci\u00f3n aproximada de tres horas. Son totalmente gratuitas.<\/p>\n\n\n\n<p>Para facilitar el acceso, un \u00f3mnibus saldr\u00e1 cada d\u00eda en horario puntual desde la Parroquia Nuestra Se\u00f1ora del Pilar, en la ciudad de Fray Bentos, ubicada en Av. 25 de Mayo casi 18 de Julio. El servicio realizar\u00e1 adem\u00e1s una parada en la estaci\u00f3n de servicio Los Altos, ubicada en la intersecci\u00f3n de rutas 2 y 24.<\/p>\n\n\n\n<p>Las inscripciones podr\u00e1n realizarse a partir del viernes 20 de marzo a las 13:00<\/p>\n\n\n\n<p>horas trav\u00e9s de la agenda web:<\/p>\n\n\n\n<p><a href=\"https:\/\/comunidad.bioparque.montesdelplata.com.uy\/welcome\">https:\/\/comunidad.bioparque.montesdelplata.com.uy\/welcome<\/a><\/p>\n","protected":false},"excerpt":{"rendered":"<p>El Bioparque M\u2019Bopicu\u00e1 de Montes del Plata volver\u00e1 a abrir sus puertas a la comunidad Las visitas se realizar\u00e1n durante Semana de Turismo y tambi\u00e9n<\/p>\n","protected":false},"author":1,"featured_media":1215,"comment_status":"closed","ping_status":"open","sticky":false,"template":"","format":"standard","meta":{"advgb_blocks_editor_width":"","advgb_blocks_columns_visual_guide":"","footnotes":"","jetpack_publicize_message":"Las visitas se realizar\u00e1n durante Semana de Turismo y tambi\u00e9n en vacaciones de invierno, con recorridos que integran biodiversidad, educaci\u00f3n ambiental y ...Lee la nota completa\ud83d\udc47","jetpack_publicize_feature_enabled":true,"jetpack_social_post_already_shared":false,"jetpack_social_options":{"image_generator_settings":{"template":"highway","default_image_id":0,"font":"","enabled":false},"version":2}},"categories":[29],"tags":[],"class_list":["post-9274","post","type-post","status-publish","format-standard","has-post-thumbnail","hentry","category-del-territorio"],"author_meta":{"display_name":"Portal","author_link":"https:\/\/portaldeyoung.uy\/index.php\/author\/admin_port\/"},"featured_img":"https:\/\/portaldeyoung.uy\/wp-content\/uploads\/2025\/07\/MdP-Bioparque-Pumas-y-otros-1412-300x200.jpg","jetpack_publicize_connections":[],"coauthors":[],"tax_additional":{"categories":{"linked":["<a href=\"https:\/\/portaldeyoung.uy\/index.php\/category\/del-territorio\/\" class=\"advgb-post-tax-term\">Del territorio<\/a>"],"unlinked":["<span class=\"advgb-post-tax-term\">Del territorio<\/span>"]}},"comment_count":"0","relative_dates":{"created":"Publicado 1 mes hace","modified":"Actualizado 1 mes hace"},"absolute_dates":{"created":"Publicado el marzo 19, 2026","modified":"Actualizado el marzo 23, 2026"},"absolute_dates_time":{"created":"Publicado el marzo 19, 2026 4:59 pm","modified":"Actualizado el marzo 23, 2026 9:13 pm"},"featured_img_caption":"","series_order":"","_links":{"self":[{"href":"https:\/\/portaldeyoung.uy\/index.php\/wp-json\/wp\/v2\/posts\/9274","targetHints":{"allow":["GET"]}}],"collection":[{"href":"https:\/\/portaldeyoung.uy\/index.php\/wp-json\/wp\/v2\/posts"}],"about":[{"href":"https:\/\/portaldeyoung.uy\/index.php\/wp-json\/wp\/v2\/types\/post"}],"author":[{"embeddable":true,"href":"https:\/\/portaldeyoung.uy\/index.php\/wp-json\/wp\/v2\/users\/1"}],"replies":[{"embeddable":true,"href":"https:\/\/portaldeyoung.uy\/index.php\/wp-json\/wp\/v2\/comments?post=9274"}],"version-history":[{"count":1,"href":"https:\/\/portaldeyoung.uy\/index.php\/wp-json\/wp\/v2\/posts\/9274\/revisions"}],"predecessor-version":[{"id":9275,"href":"https:\/\/portaldeyoung.uy\/index.php\/wp-json\/wp\/v2\/posts\/9274\/revisions\/9275"}],"wp:featuredmedia":[{"embeddable":true,"href":"https:\/\/portaldeyoung.uy\/index.php\/wp-json\/wp\/v2\/media\/1215"}],"wp:attachment":[{"href":"https:\/\/portaldeyoung.uy\/index.php\/wp-json\/wp\/v2\/media?parent=9274"}],"wp:term":[{"taxonomy":"category","embeddable":true,"href":"https:\/\/portaldeyoung.uy\/index.php\/wp-json\/wp\/v2\/categories?post=9274"},{"taxonomy":"post_tag","embeddable":true,"href":"https:\/\/portaldeyoung.uy\/index.php\/wp-json\/wp\/v2\/tags?post=9274"}],"curies":[{"name":"wp","href":"https:\/\/api.w.org\/{rel}","templated":true}]}}