{"id":9267,"date":"2026-03-19T16:53:58","date_gmt":"2026-03-19T19:53:58","guid":{"rendered":"https:\/\/portaldeyoung.uy\/?p=9267"},"modified":"2026-03-23T21:13:40","modified_gmt":"2026-03-24T00:13:40","slug":"picudo-rojo-detectar-a-tiempo-hace-la-diferencia","status":"publish","type":"post","link":"https:\/\/portaldeyoung.uy\/index.php\/2026\/03\/19\/picudo-rojo-detectar-a-tiempo-hace-la-diferencia\/","title":{"rendered":"PICUDO ROJO: Detectar a tiempo hace la diferencia"},"content":{"rendered":"\n<p>Desde la Intendencia de R\u00edo Negro se informa sobre la detecci\u00f3n de \u00e9ste insecto, que ha causado estragos en las Palmeras al sur del r\u00edo negro.<\/p>\n\n\n\n<p> Es una plaga ex\u00f3tica y voraz, originaria del sudeste asi\u00e1tico, que destruye palmeras al perforarlas y alimentarse de su interior, lo que puede causar la muerte del \u00e1rbol.\u00a0<\/p>\n\n\n\n<p><strong>Detalles clave sobre el picudo rojo:<\/strong><\/p>\n\n\n\n<ul class=\"wp-block-list\">\n<li><strong>Identificaci\u00f3n:<\/strong> Tiene un color rojizo\/anaranjado con manchas negras, un pico largo y delgado, y puede medir hasta 5 cm.<\/li>\n\n\n\n<li><strong>Comportamiento destructivo:<\/strong> Sus larvas perforan galer\u00edas internas en el tronco, volvi\u00e9ndose destructivas y a menudo invisibles hasta que la palmera est\u00e1 gravemente da\u00f1ada.<\/li>\n\n\n\n<li><strong>Impacto:<\/strong> Es una plaga invasora de alto impacto que afecta a diversas especies de palmeras en Europa, \u00c1frica y Am\u00e9rica, incluyendo Uruguay.<\/li>\n\n\n\n<li><strong>Control:<\/strong> Su manejo es dif\u00edcil debido a su ciclo vital oculto, requiriendo vigilancia, el uso de trampas con feromonas y tratamientos fitosanitari<\/li>\n<\/ul>\n\n\n\n<p>Si ves una palmera con s\u00edntomas, no la intervengas: avis\u00e1.<\/p>\n\n\n\n<p>Estamos actuando para prevenir y proteger nuestras palmeras.<\/p>\n\n\n\n<p><strong>Escribinos al Whatsapp de la direcci\u00f3n de ambiente al 098 238 576<\/strong>.<\/p>\n\n\n\n<figure class=\"wp-block-image size-large\"><img loading=\"lazy\" decoding=\"async\" width=\"819\" height=\"1024\" src=\"https:\/\/portaldeyoung.uy\/wp-content\/uploads\/2026\/03\/Picudo-Rojo-819x1024.jpeg\" alt=\"\" class=\"wp-image-9272\" srcset=\"https:\/\/portaldeyoung.uy\/wp-content\/uploads\/2026\/03\/Picudo-Rojo-819x1024.jpeg 819w, https:\/\/portaldeyoung.uy\/wp-content\/uploads\/2026\/03\/Picudo-Rojo-240x300.jpeg 240w, https:\/\/portaldeyoung.uy\/wp-content\/uploads\/2026\/03\/Picudo-Rojo-768x960.jpeg 768w, https:\/\/portaldeyoung.uy\/wp-content\/uploads\/2026\/03\/Picudo-Rojo-1229x1536.jpeg 1229w, https:\/\/portaldeyoung.uy\/wp-content\/uploads\/2026\/03\/Picudo-Rojo.jpeg 1280w\" sizes=\"auto, (max-width: 819px) 100vw, 819px\" \/><\/figure>\n","protected":false},"excerpt":{"rendered":"<p>Desde la Intendencia de R\u00edo Negro se informa sobre la detecci\u00f3n de \u00e9ste insecto, que ha causado estragos en las Palmeras al sur del r\u00edo<\/p>\n","protected":false},"author":1,"featured_media":9271,"comment_status":"closed","ping_status":"open","sticky":false,"template":"","format":"standard","meta":{"advgb_blocks_editor_width":"","advgb_blocks_columns_visual_guide":"","footnotes":"","jetpack_publicize_message":"Desde la Intendencia de R\u00edo Negro se informa sobre la detecci\u00f3n de \u00e9ste insecto, que ha causado estragos en las Palmeras al sur del ...Lee la nota completa\ud83d\udc47","jetpack_publicize_feature_enabled":true,"jetpack_social_post_already_shared":false,"jetpack_social_options":{"image_generator_settings":{"template":"highway","default_image_id":0,"font":"","enabled":false},"version":2}},"categories":[29],"tags":[],"class_list":["post-9267","post","type-post","status-publish","format-standard","has-post-thumbnail","hentry","category-del-territorio"],"author_meta":{"display_name":"Portal","author_link":"https:\/\/portaldeyoung.uy\/index.php\/author\/admin_port\/"},"featured_img":"https:\/\/portaldeyoung.uy\/wp-content\/uploads\/2026\/03\/Picudo-Rojo-00-300x169.jpeg","jetpack_publicize_connections":[],"coauthors":[],"tax_additional":{"categories":{"linked":["<a href=\"https:\/\/portaldeyoung.uy\/index.php\/category\/del-territorio\/\" class=\"advgb-post-tax-term\">Del territorio<\/a>"],"unlinked":["<span class=\"advgb-post-tax-term\">Del territorio<\/span>"]}},"comment_count":"0","relative_dates":{"created":"Publicado 1 mes hace","modified":"Actualizado 1 mes hace"},"absolute_dates":{"created":"Publicado el marzo 19, 2026","modified":"Actualizado el marzo 23, 2026"},"absolute_dates_time":{"created":"Publicado el marzo 19, 2026 4:53 pm","modified":"Actualizado el marzo 23, 2026 9:13 pm"},"featured_img_caption":"","series_order":"","_links":{"self":[{"href":"https:\/\/portaldeyoung.uy\/index.php\/wp-json\/wp\/v2\/posts\/9267","targetHints":{"allow":["GET"]}}],"collection":[{"href":"https:\/\/portaldeyoung.uy\/index.php\/wp-json\/wp\/v2\/posts"}],"about":[{"href":"https:\/\/portaldeyoung.uy\/index.php\/wp-json\/wp\/v2\/types\/post"}],"author":[{"embeddable":true,"href":"https:\/\/portaldeyoung.uy\/index.php\/wp-json\/wp\/v2\/users\/1"}],"replies":[{"embeddable":true,"href":"https:\/\/portaldeyoung.uy\/index.php\/wp-json\/wp\/v2\/comments?post=9267"}],"version-history":[{"count":1,"href":"https:\/\/portaldeyoung.uy\/index.php\/wp-json\/wp\/v2\/posts\/9267\/revisions"}],"predecessor-version":[{"id":9273,"href":"https:\/\/portaldeyoung.uy\/index.php\/wp-json\/wp\/v2\/posts\/9267\/revisions\/9273"}],"wp:featuredmedia":[{"embeddable":true,"href":"https:\/\/portaldeyoung.uy\/index.php\/wp-json\/wp\/v2\/media\/9271"}],"wp:attachment":[{"href":"https:\/\/portaldeyoung.uy\/index.php\/wp-json\/wp\/v2\/media?parent=9267"}],"wp:term":[{"taxonomy":"category","embeddable":true,"href":"https:\/\/portaldeyoung.uy\/index.php\/wp-json\/wp\/v2\/categories?post=9267"},{"taxonomy":"post_tag","embeddable":true,"href":"https:\/\/portaldeyoung.uy\/index.php\/wp-json\/wp\/v2\/tags?post=9267"}],"curies":[{"name":"wp","href":"https:\/\/api.w.org\/{rel}","templated":true}]}}