{"id":926,"date":"2025-07-01T10:01:53","date_gmt":"2025-07-01T10:01:53","guid":{"rendered":"https:\/\/portaldeyoung.uy\/?p=926"},"modified":"2025-07-01T10:01:57","modified_gmt":"2025-07-01T10:01:57","slug":"sigue-subiendo-el-rio-hay-88-desplazados-en-paysandu","status":"publish","type":"post","link":"https:\/\/portaldeyoung.uy\/index.php\/2025\/07\/01\/sigue-subiendo-el-rio-hay-88-desplazados-en-paysandu\/","title":{"rendered":"Sigue subiendo el r\u00edo; hay 88 desplazados en Paysand\u00fa"},"content":{"rendered":"\n<p>La cantidad de personas desplazadas por la inundaci\u00f3n asciende a 88, en tanto el r\u00edo Uruguay lleg\u00f3 a 6,50 metros. Paralelamente, las autoridades anuncian que se espera que comience a estabilizarse y mantenerse durante esta semana. De los 88 desplazados, 63 se autoevacuaron y los restantes 25 fueron evacuados por el Cecoed. <\/p>\n\n\n\n<p>Hay 51 mayores de edad y 37 menores. En el gimnasio del liceo 1 permanecen 14 personas y en las dos carpas instaladas en Diagonal a San F\u00e9lix, 11. La represa de Salto Grande est\u00e1 evacuando un caudal medio entre 19.600 y 20.500 m\u00b3\/s, en tanto su embalse tiende a una altura de 35,50 metros.<\/p>\n\n\n\n<p><em>*El Tel\u00e9grafo<\/em><\/p>\n","protected":false},"excerpt":{"rendered":"<p>La cantidad de personas desplazadas por la inundaci\u00f3n asciende a 88, en tanto el r\u00edo Uruguay lleg\u00f3 a 6,50 metros. Paralelamente, las autoridades anuncian que<\/p>\n","protected":false},"author":1,"featured_media":764,"comment_status":"open","ping_status":"open","sticky":false,"template":"","format":"standard","meta":{"advgb_blocks_editor_width":"","advgb_blocks_columns_visual_guide":"","footnotes":"","jetpack_publicize_message":"","jetpack_publicize_feature_enabled":true,"jetpack_social_post_already_shared":true,"jetpack_social_options":{"image_generator_settings":{"template":"highway","default_image_id":0,"font":"","enabled":false},"version":2}},"categories":[7],"tags":[],"class_list":["post-926","post","type-post","status-publish","format-standard","has-post-thumbnail","hentry","category-del-pais"],"author_meta":{"display_name":"Portal","author_link":"https:\/\/portaldeyoung.uy\/index.php\/author\/admin_port\/"},"featured_img":"https:\/\/portaldeyoung.uy\/wp-content\/uploads\/2025\/06\/rio-uruguay-crecido-300x169.jpg","jetpack_publicize_connections":[],"coauthors":[],"tax_additional":{"categories":{"linked":["<a href=\"https:\/\/portaldeyoung.uy\/index.php\/category\/del-pais\/\" class=\"advgb-post-tax-term\">Del pa\u00eds<\/a>"],"unlinked":["<span class=\"advgb-post-tax-term\">Del pa\u00eds<\/span>"]}},"comment_count":"0","relative_dates":{"created":"Publicado 10 meses hace","modified":"Actualizado 10 meses hace"},"absolute_dates":{"created":"Publicado el julio 1, 2025","modified":"Actualizado el julio 1, 2025"},"absolute_dates_time":{"created":"Publicado el julio 1, 2025 10:01 am","modified":"Actualizado el julio 1, 2025 10:01 am"},"featured_img_caption":"","series_order":"","_links":{"self":[{"href":"https:\/\/portaldeyoung.uy\/index.php\/wp-json\/wp\/v2\/posts\/926","targetHints":{"allow":["GET"]}}],"collection":[{"href":"https:\/\/portaldeyoung.uy\/index.php\/wp-json\/wp\/v2\/posts"}],"about":[{"href":"https:\/\/portaldeyoung.uy\/index.php\/wp-json\/wp\/v2\/types\/post"}],"author":[{"embeddable":true,"href":"https:\/\/portaldeyoung.uy\/index.php\/wp-json\/wp\/v2\/users\/1"}],"replies":[{"embeddable":true,"href":"https:\/\/portaldeyoung.uy\/index.php\/wp-json\/wp\/v2\/comments?post=926"}],"version-history":[{"count":1,"href":"https:\/\/portaldeyoung.uy\/index.php\/wp-json\/wp\/v2\/posts\/926\/revisions"}],"predecessor-version":[{"id":927,"href":"https:\/\/portaldeyoung.uy\/index.php\/wp-json\/wp\/v2\/posts\/926\/revisions\/927"}],"wp:featuredmedia":[{"embeddable":true,"href":"https:\/\/portaldeyoung.uy\/index.php\/wp-json\/wp\/v2\/media\/764"}],"wp:attachment":[{"href":"https:\/\/portaldeyoung.uy\/index.php\/wp-json\/wp\/v2\/media?parent=926"}],"wp:term":[{"taxonomy":"category","embeddable":true,"href":"https:\/\/portaldeyoung.uy\/index.php\/wp-json\/wp\/v2\/categories?post=926"},{"taxonomy":"post_tag","embeddable":true,"href":"https:\/\/portaldeyoung.uy\/index.php\/wp-json\/wp\/v2\/tags?post=926"}],"curies":[{"name":"wp","href":"https:\/\/api.w.org\/{rel}","templated":true}]}}