{"id":9240,"date":"2026-03-19T08:19:58","date_gmt":"2026-03-19T11:19:58","guid":{"rendered":"https:\/\/portaldeyoung.uy\/?p=9240"},"modified":"2026-03-23T10:46:24","modified_gmt":"2026-03-23T13:46:24","slug":"choque-en-18-de-julio-y-salto","status":"publish","type":"post","link":"https:\/\/portaldeyoung.uy\/index.php\/2026\/03\/19\/choque-en-18-de-julio-y-salto\/","title":{"rendered":"Choque en 18 de Julio y Salto"},"content":{"rendered":"\n<p>Un accidente de tr\u00e1nsito se registr\u00f3 en la noche de este mi\u00e9rcoles en la intersecci\u00f3n de calles 18 de Julio y Salto, en nuestra ciudad, generando importantes da\u00f1os materiales en varios veh\u00edculos.<\/p>\n\n\n\n<p>De acuerdo a informaci\u00f3n primaria y a las im\u00e1genes aportadas por lectores, el siniestro se habr\u00eda producido en momentos en que algunos de los veh\u00edculos se encontraban estacionados en la zona. Las fotograf\u00edas evidencian da\u00f1os de consideraci\u00f3n en las unidades involucradas, lo que da cuenta de la magnitud del impacto.<\/p>\n\n\n\n<p>Fuente confiables nos informaron que se trat\u00f3 de una persona alcoholizada, quien choc\u00f3 con los vehiculos estacionados en el lugar.<\/p>\n\n\n\n<h2 class=\"wp-block-heading\">Comunicado oficial<\/h2>\n\n\n\n<p class=\"has-text-align-left\">Se recibe comunicaci\u00f3n de Centro de Comando Unificado Departamental, solicitando presencia policial en intersecci\u00f3n de calle 18 de Julio y Salto por un accidente de tr\u00e1nsito. Concurre personal policial una vez constituidos constatan que un veh\u00edculo impact\u00f3 por calle 18 de Julio con tres veh\u00edculos que se encontraban estacionados en fila por la senda contraria. El conductor del veh\u00edculo que colision\u00f3 se encontraba consciente en el lugar sobre la vereda, dando etilometria positiva, siendo trasladado en ambulancia a centro asistencial. Se hace presente personal de Polic\u00eda Cient\u00edfica<br>efectuando relevamiento correspondiente. Se contin\u00faan con actuaciones<\/p>\n\n\n\n<figure class=\"wp-block-image size-large\"><img loading=\"lazy\" decoding=\"async\" width=\"1024\" height=\"746\" src=\"https:\/\/portaldeyoung.uy\/wp-content\/uploads\/2026\/03\/accidente-18-y-salto-01-1024x746.jpg\" alt=\"\" class=\"wp-image-9242\" srcset=\"https:\/\/portaldeyoung.uy\/wp-content\/uploads\/2026\/03\/accidente-18-y-salto-01-1024x746.jpg 1024w, https:\/\/portaldeyoung.uy\/wp-content\/uploads\/2026\/03\/accidente-18-y-salto-01-300x219.jpg 300w, https:\/\/portaldeyoung.uy\/wp-content\/uploads\/2026\/03\/accidente-18-y-salto-01-768x560.jpg 768w, https:\/\/portaldeyoung.uy\/wp-content\/uploads\/2026\/03\/accidente-18-y-salto-01.jpg 1482w\" sizes=\"auto, (max-width: 1024px) 100vw, 1024px\" \/><\/figure>\n","protected":false},"excerpt":{"rendered":"<p>Un accidente de tr\u00e1nsito se registr\u00f3 en la noche de este mi\u00e9rcoles en la intersecci\u00f3n de calles 18 de Julio y Salto, en nuestra ciudad,<\/p>\n","protected":false},"author":1,"featured_media":9241,"comment_status":"closed","ping_status":"open","sticky":false,"template":"","format":"standard","meta":{"advgb_blocks_editor_width":"","advgb_blocks_columns_visual_guide":"","footnotes":"","jetpack_publicize_message":"Un accidente de tr\u00e1nsito se registr\u00f3 en la noche de este mi\u00e9rcoles en la intersecci\u00f3n de calles 18 de Julio y Salto, en...\ud83d\udc47","jetpack_publicize_feature_enabled":true,"jetpack_social_post_already_shared":false,"jetpack_social_options":{"image_generator_settings":{"template":"highway","default_image_id":0,"font":"","enabled":false},"version":2}},"categories":[28],"tags":[],"class_list":["post-9240","post","type-post","status-publish","format-standard","has-post-thumbnail","hentry","category-de-la-ciudad"],"author_meta":{"display_name":"Portal","author_link":"https:\/\/portaldeyoung.uy\/index.php\/author\/admin_port\/"},"featured_img":"https:\/\/portaldeyoung.uy\/wp-content\/uploads\/2026\/03\/accidente-18-y-salto-300x175.jpg","jetpack_publicize_connections":[],"coauthors":[],"tax_additional":{"categories":{"linked":["<a href=\"https:\/\/portaldeyoung.uy\/index.php\/category\/de-la-ciudad\/\" class=\"advgb-post-tax-term\">De la ciudad<\/a>"],"unlinked":["<span class=\"advgb-post-tax-term\">De la ciudad<\/span>"]}},"comment_count":"0","relative_dates":{"created":"Publicado 1 mes hace","modified":"Actualizado 1 mes hace"},"absolute_dates":{"created":"Publicado el marzo 19, 2026","modified":"Actualizado el marzo 23, 2026"},"absolute_dates_time":{"created":"Publicado el marzo 19, 2026 8:19 am","modified":"Actualizado el marzo 23, 2026 10:46 am"},"featured_img_caption":"","series_order":"","_links":{"self":[{"href":"https:\/\/portaldeyoung.uy\/index.php\/wp-json\/wp\/v2\/posts\/9240","targetHints":{"allow":["GET"]}}],"collection":[{"href":"https:\/\/portaldeyoung.uy\/index.php\/wp-json\/wp\/v2\/posts"}],"about":[{"href":"https:\/\/portaldeyoung.uy\/index.php\/wp-json\/wp\/v2\/types\/post"}],"author":[{"embeddable":true,"href":"https:\/\/portaldeyoung.uy\/index.php\/wp-json\/wp\/v2\/users\/1"}],"replies":[{"embeddable":true,"href":"https:\/\/portaldeyoung.uy\/index.php\/wp-json\/wp\/v2\/comments?post=9240"}],"version-history":[{"count":8,"href":"https:\/\/portaldeyoung.uy\/index.php\/wp-json\/wp\/v2\/posts\/9240\/revisions"}],"predecessor-version":[{"id":9253,"href":"https:\/\/portaldeyoung.uy\/index.php\/wp-json\/wp\/v2\/posts\/9240\/revisions\/9253"}],"wp:featuredmedia":[{"embeddable":true,"href":"https:\/\/portaldeyoung.uy\/index.php\/wp-json\/wp\/v2\/media\/9241"}],"wp:attachment":[{"href":"https:\/\/portaldeyoung.uy\/index.php\/wp-json\/wp\/v2\/media?parent=9240"}],"wp:term":[{"taxonomy":"category","embeddable":true,"href":"https:\/\/portaldeyoung.uy\/index.php\/wp-json\/wp\/v2\/categories?post=9240"},{"taxonomy":"post_tag","embeddable":true,"href":"https:\/\/portaldeyoung.uy\/index.php\/wp-json\/wp\/v2\/tags?post=9240"}],"curies":[{"name":"wp","href":"https:\/\/api.w.org\/{rel}","templated":true}]}}