{"id":9234,"date":"2026-03-18T16:33:37","date_gmt":"2026-03-18T19:33:37","guid":{"rendered":"https:\/\/portaldeyoung.uy\/?p=9234"},"modified":"2026-03-20T16:10:07","modified_gmt":"2026-03-20T19:10:07","slug":"siniestro-de-transito-entre-auto-y-camion-dejo-varios-lesionados","status":"publish","type":"post","link":"https:\/\/portaldeyoung.uy\/index.php\/2026\/03\/18\/siniestro-de-transito-entre-auto-y-camion-dejo-varios-lesionados\/","title":{"rendered":"Siniestro de tr\u00e1nsito entre auto y cami\u00f3n dej\u00f3 varios lesionados"},"content":{"rendered":"\n<p>Un accidente de tr\u00e1nsito se registr\u00f3 en las \u00faltimas horas en la intersecci\u00f3n de calles Montevideo y Vasco N\u00fa\u00f1ez, en la ciudad de Young, lo que motiv\u00f3 la intervenci\u00f3n de personal policial, Bomberos y servicios de emergencia.<\/p>\n\n\n\n<p>Seg\u00fan la informaci\u00f3n recabada en el lugar, el siniestro involucr\u00f3 a un autom\u00f3vil y un cami\u00f3n con semirremolque. De acuerdo al testimonio del conductor del cami\u00f3n, este circulaba por calle Montevideo y, al llegar al predio de Vialidad, accion\u00f3 el se\u00f1alero con la intenci\u00f3n de girar hacia la izquierda para ingresar al lugar. Fue en ese momento que el autom\u00f3vil, que se desplazaba en el mismo sentido, impact\u00f3 contra la parte trasera del semirremolque.<\/p>\n\n\n\n<p>Como consecuencia del fuerte impacto, el conductor del auto qued\u00f3 atrapado dentro del veh\u00edculo, con sus miembros inferiores comprimidos contra el volante. Personal de Bomberos trabaj\u00f3 intensamente en el lugar para lograr su rescate.<\/p>\n\n\n\n<p>Posteriormente, el conductor y los acompa\u00f1antes del autom\u00f3vil fueron trasladados en ambulancia a un centro asistencial para su evaluaci\u00f3n y atenci\u00f3n m\u00e9dica.<\/p>\n\n\n\n<p>En tanto, Polic\u00eda Cient\u00edfica realiz\u00f3 el relevamiento correspondiente para determinar las circunstancias exactas del siniestro.<\/p>\n","protected":false},"excerpt":{"rendered":"<p>Un accidente de tr\u00e1nsito se registr\u00f3 en las \u00faltimas horas en la intersecci\u00f3n de calles Montevideo y Vasco N\u00fa\u00f1ez, en la ciudad de Young, lo<\/p>\n","protected":false},"author":1,"featured_media":1687,"comment_status":"closed","ping_status":"open","sticky":false,"template":"","format":"standard","meta":{"advgb_blocks_editor_width":"","advgb_blocks_columns_visual_guide":"","footnotes":"","jetpack_publicize_message":"Seg\u00fan la informaci\u00f3n recabada en el lugar, el siniestro involucr\u00f3 a un autom\u00f3vil y un cami\u00f3n con semirremolque. De acuerdo al testimonio ...Lee la nota completa\ud83d\udc47","jetpack_publicize_feature_enabled":true,"jetpack_social_post_already_shared":false,"jetpack_social_options":{"image_generator_settings":{"template":"highway","default_image_id":0,"font":"","enabled":false},"version":2}},"categories":[28],"tags":[],"class_list":["post-9234","post","type-post","status-publish","format-standard","has-post-thumbnail","hentry","category-de-la-ciudad"],"author_meta":{"display_name":"Portal","author_link":"https:\/\/portaldeyoung.uy\/index.php\/author\/admin_port\/"},"featured_img":"https:\/\/portaldeyoung.uy\/wp-content\/uploads\/2025\/07\/Policias-300x153.png","jetpack_publicize_connections":[],"coauthors":[],"tax_additional":{"categories":{"linked":["<a href=\"https:\/\/portaldeyoung.uy\/index.php\/category\/de-la-ciudad\/\" class=\"advgb-post-tax-term\">De la ciudad<\/a>"],"unlinked":["<span class=\"advgb-post-tax-term\">De la ciudad<\/span>"]}},"comment_count":"0","relative_dates":{"created":"Publicado 1 mes hace","modified":"Actualizado 1 mes hace"},"absolute_dates":{"created":"Publicado el marzo 18, 2026","modified":"Actualizado el marzo 20, 2026"},"absolute_dates_time":{"created":"Publicado el marzo 18, 2026 4:33 pm","modified":"Actualizado el marzo 20, 2026 4:10 pm"},"featured_img_caption":"","series_order":"","_links":{"self":[{"href":"https:\/\/portaldeyoung.uy\/index.php\/wp-json\/wp\/v2\/posts\/9234","targetHints":{"allow":["GET"]}}],"collection":[{"href":"https:\/\/portaldeyoung.uy\/index.php\/wp-json\/wp\/v2\/posts"}],"about":[{"href":"https:\/\/portaldeyoung.uy\/index.php\/wp-json\/wp\/v2\/types\/post"}],"author":[{"embeddable":true,"href":"https:\/\/portaldeyoung.uy\/index.php\/wp-json\/wp\/v2\/users\/1"}],"replies":[{"embeddable":true,"href":"https:\/\/portaldeyoung.uy\/index.php\/wp-json\/wp\/v2\/comments?post=9234"}],"version-history":[{"count":1,"href":"https:\/\/portaldeyoung.uy\/index.php\/wp-json\/wp\/v2\/posts\/9234\/revisions"}],"predecessor-version":[{"id":9235,"href":"https:\/\/portaldeyoung.uy\/index.php\/wp-json\/wp\/v2\/posts\/9234\/revisions\/9235"}],"wp:featuredmedia":[{"embeddable":true,"href":"https:\/\/portaldeyoung.uy\/index.php\/wp-json\/wp\/v2\/media\/1687"}],"wp:attachment":[{"href":"https:\/\/portaldeyoung.uy\/index.php\/wp-json\/wp\/v2\/media?parent=9234"}],"wp:term":[{"taxonomy":"category","embeddable":true,"href":"https:\/\/portaldeyoung.uy\/index.php\/wp-json\/wp\/v2\/categories?post=9234"},{"taxonomy":"post_tag","embeddable":true,"href":"https:\/\/portaldeyoung.uy\/index.php\/wp-json\/wp\/v2\/tags?post=9234"}],"curies":[{"name":"wp","href":"https:\/\/api.w.org\/{rel}","templated":true}]}}