{"id":9150,"date":"2026-03-16T16:27:36","date_gmt":"2026-03-16T16:27:36","guid":{"rendered":"https:\/\/portaldeyoung.uy\/?p=9150"},"modified":"2026-03-19T17:49:49","modified_gmt":"2026-03-19T20:49:49","slug":"acto-recordatorio-por-los-20-anos-de-la-tragedia-ferroviaria-en-young","status":"publish","type":"post","link":"https:\/\/portaldeyoung.uy\/index.php\/2026\/03\/16\/acto-recordatorio-por-los-20-anos-de-la-tragedia-ferroviaria-en-young\/","title":{"rendered":"Acto recordatorio por los 20 a\u00f1os de la tragedia ferroviaria en Young"},"content":{"rendered":"\n<p>Este martes 17 de marzo se realizar\u00e1 en la ciudad de Young un acto recordatorio al cumplirse 20 a\u00f1os de la tragedia ferroviaria ocurrida en la estaci\u00f3n de Administraci\u00f3n de Ferrocarriles del Estado (AFE), un hecho que marc\u00f3 profundamente a los vecinos de nuestra ciudad.<\/p>\n\n\n\n<p>La actividad es organizada por el Municipio de Young junto a la Intendencia de R\u00edo Negro y tendr\u00e1 lugar desde la hora 11:00 en la Plaza Luis A. Sardo, donde vecinos y autoridades recordar\u00e1n a las v\u00edctimas de aquel tr\u00e1gico episodio ocurrido el 17 de marzo de 2006.<\/p>\n\n\n\n<p>La tragedia se produjo durante la realizaci\u00f3n del programa televisivo Desaf\u00edo al Coraz\u00f3n, emitido por Canal 10. En el marco de un desaf\u00edo solidario, vecinos de la ciudad intentaban mover una locomotora de m\u00e1s de 50 toneladas con el objetivo de recaudar fondos para el hospital local. Durante la actividad, la pesada m\u00e1quina ferroviaria se desplaz\u00f3 de forma inesperada, provocando un accidente que termin\u00f3 con la vida de ocho personas.<\/p>\n\n\n\n<p>Seg\u00fan la informaci\u00f3n difundida en su momento, cinco adultos y un menor fallecieron en el acto al ser arrollados o aplastados por la locomotora. Posteriormente se confirm\u00f3 que el n\u00famero total de v\u00edctimas ascendi\u00f3 a ocho personas, incluyendo a un hombre que sufri\u00f3 un ataque card\u00edaco tras presenciar la muerte de su esposa. Entre los fallecidos tambi\u00e9n se encontraba un adolescente de 14 a\u00f1os.<\/p>\n\n\n\n<p>A dos d\u00e9cadas de aquel hecho que conmocion\u00f3 a toda la comunidad, las v\u00edctimas contin\u00faan siendo recordadas en la ciudad como verdaderos <strong>\u201cm\u00e1rtires de la solidaridad\u201d<\/strong>, por haber participado en una iniciativa destinada a ayudar al hospital local.<\/p>\n\n\n\n<p>Cada a\u00f1o, familiares, vecinos y autoridades se re\u00fanen en la plazoleta Luis A. Sardo para rendir homenaje a quienes perdieron la vida en aquella jornada que qued\u00f3 marcada para siempre en la historia de la ciudad de Young.<\/p>\n","protected":false},"excerpt":{"rendered":"<p>Este martes 17 de marzo se realizar\u00e1 en la ciudad de Young un acto recordatorio al cumplirse 20 a\u00f1os de la tragedia ferroviaria ocurrida en<\/p>\n","protected":false},"author":1,"featured_media":9151,"comment_status":"closed","ping_status":"open","sticky":false,"template":"","format":"standard","meta":{"advgb_blocks_editor_width":"","advgb_blocks_columns_visual_guide":"","footnotes":"","jetpack_publicize_message":"Este martes 17 de marzo se realizar\u00e1 en la ciudad de Young un acto recordatorio al cumplirse 20 a\u00f1os de la tragedia ferroviaria ocurrida en la ..Lee la nota completa\ud83d\udc47","jetpack_publicize_feature_enabled":true,"jetpack_social_post_already_shared":false,"jetpack_social_options":{"image_generator_settings":{"template":"highway","default_image_id":0,"font":"","enabled":false},"version":2}},"categories":[28],"tags":[],"class_list":["post-9150","post","type-post","status-publish","format-standard","has-post-thumbnail","hentry","category-de-la-ciudad"],"author_meta":{"display_name":"Portal","author_link":"https:\/\/portaldeyoung.uy\/index.php\/author\/admin_port\/"},"featured_img":"https:\/\/portaldeyoung.uy\/wp-content\/uploads\/2026\/03\/tragedia-del-tren-300x173.png","jetpack_publicize_connections":[],"coauthors":[],"tax_additional":{"categories":{"linked":["<a href=\"https:\/\/portaldeyoung.uy\/index.php\/category\/de-la-ciudad\/\" class=\"advgb-post-tax-term\">De la ciudad<\/a>"],"unlinked":["<span class=\"advgb-post-tax-term\">De la ciudad<\/span>"]}},"comment_count":"0","relative_dates":{"created":"Publicado 2 meses hace","modified":"Actualizado 1 mes hace"},"absolute_dates":{"created":"Publicado el marzo 16, 2026","modified":"Actualizado el marzo 19, 2026"},"absolute_dates_time":{"created":"Publicado el marzo 16, 2026 4:27 pm","modified":"Actualizado el marzo 19, 2026 5:49 pm"},"featured_img_caption":"","series_order":"","_links":{"self":[{"href":"https:\/\/portaldeyoung.uy\/index.php\/wp-json\/wp\/v2\/posts\/9150","targetHints":{"allow":["GET"]}}],"collection":[{"href":"https:\/\/portaldeyoung.uy\/index.php\/wp-json\/wp\/v2\/posts"}],"about":[{"href":"https:\/\/portaldeyoung.uy\/index.php\/wp-json\/wp\/v2\/types\/post"}],"author":[{"embeddable":true,"href":"https:\/\/portaldeyoung.uy\/index.php\/wp-json\/wp\/v2\/users\/1"}],"replies":[{"embeddable":true,"href":"https:\/\/portaldeyoung.uy\/index.php\/wp-json\/wp\/v2\/comments?post=9150"}],"version-history":[{"count":3,"href":"https:\/\/portaldeyoung.uy\/index.php\/wp-json\/wp\/v2\/posts\/9150\/revisions"}],"predecessor-version":[{"id":9157,"href":"https:\/\/portaldeyoung.uy\/index.php\/wp-json\/wp\/v2\/posts\/9150\/revisions\/9157"}],"wp:featuredmedia":[{"embeddable":true,"href":"https:\/\/portaldeyoung.uy\/index.php\/wp-json\/wp\/v2\/media\/9151"}],"wp:attachment":[{"href":"https:\/\/portaldeyoung.uy\/index.php\/wp-json\/wp\/v2\/media?parent=9150"}],"wp:term":[{"taxonomy":"category","embeddable":true,"href":"https:\/\/portaldeyoung.uy\/index.php\/wp-json\/wp\/v2\/categories?post=9150"},{"taxonomy":"post_tag","embeddable":true,"href":"https:\/\/portaldeyoung.uy\/index.php\/wp-json\/wp\/v2\/tags?post=9150"}],"curies":[{"name":"wp","href":"https:\/\/api.w.org\/{rel}","templated":true}]}}