{"id":9137,"date":"2026-03-16T15:31:19","date_gmt":"2026-03-16T15:31:19","guid":{"rendered":"https:\/\/portaldeyoung.uy\/?p=9137"},"modified":"2026-03-20T16:11:02","modified_gmt":"2026-03-20T19:11:02","slug":"intendente-levratto-aseguro-que-comenzara-repacion-en-camino-a-paso-de-la-cruz-esta-semana","status":"publish","type":"post","link":"https:\/\/portaldeyoung.uy\/index.php\/2026\/03\/16\/intendente-levratto-aseguro-que-comenzara-repacion-en-camino-a-paso-de-la-cruz-esta-semana\/","title":{"rendered":"Intendente Levratto asegur\u00f3 que comenzar\u00e1 repaci\u00f3n en camino a Paso de la Cruz \u00e9sta semana"},"content":{"rendered":"\n<p>El intendente de R\u00edo Negro, Guillermo Levratto, se refiri\u00f3 a la protesta realizada ayer por vecinos de Paso de la Cruz, quienes resolvieron cortar el acceso a la localidad en reclamo por el mal estado de la caminer\u00eda rural.<\/p>\n\n\n\n<p>El jerarca departamental reconoci\u00f3 la preocupaci\u00f3n de los residentes por las dificultades para transitar por los caminos de la zona, se\u00f1alando que la situaci\u00f3n refleja una debilidad estructural en la infraestructura vial rural del departamento. En ese sentido, asegur\u00f3 que la Intendencia est\u00e1 trabajando para encontrar soluciones m\u00e1s duraderas que permitan mejorar las condiciones de circulaci\u00f3n.<\/p>\n\n\n\n<p>Levratto explic\u00f3 que actualmente el puente bajo de la zona se encuentra cortado para el tr\u00e1nsito pesado, aunque contin\u00faa habilitado para veh\u00edculos menores. Asimismo, indic\u00f3 que existe un acuerdo con la empresa UPM para que asuma la reparaci\u00f3n de un tramo de ocho kil\u00f3metros entre Paso de la Cruz y Menafra, sector que \u2014seg\u00fan se\u00f1al\u00f3\u2014 ya ha sido intervenido en tres oportunidades debido al deterioro provocado por el intenso tr\u00e1nsito.<\/p>\n\n\n\n<p>El intendente sostuvo que la administraci\u00f3n departamental busca cambiar la matriz de mantenimiento de la caminer\u00eda rural, ya que los m\u00e9todos actuales y los arreglos parciales no logran soportar la carga del tr\u00e1nsito pesado que circula por esos caminos.<\/p>\n\n\n\n<p>Si bien expres\u00f3 comprender el malestar de los vecinos, Levratto manifest\u00f3 que no comparte la modalidad de protesta utilizada, argumentando que desde la Intendencia se ha mantenido un di\u00e1logo permanente con la comunidad para abordar la problem\u00e1tica.<\/p>\n\n\n\n<p>En ese marco, asegur\u00f3 que los caminos rurales \u201cson un derecho de los vecinos y no un privilegio\u201d, ya que de ellos depende la movilidad diaria de quienes viven y trabajan en el medio rural.<\/p>\n\n\n\n<p>El jefe comunal tambi\u00e9n desminti\u00f3 versiones que se\u00f1alaban que las obras podr\u00edan demorar m\u00e1s de un mes. Seg\u00fan afirm\u00f3, los trabajos de reparaci\u00f3n comenzar\u00edan esta misma semana, con el objetivo de encontrar una soluci\u00f3n lo antes posible.<\/p>\n\n\n\n<p><em>*R\u00edo Negro Ahora<\/em><\/p>\n","protected":false},"excerpt":{"rendered":"<p>El intendente de R\u00edo Negro, Guillermo Levratto, se refiri\u00f3 a la protesta realizada ayer por vecinos de Paso de la Cruz, quienes resolvieron cortar el<\/p>\n","protected":false},"author":1,"featured_media":2377,"comment_status":"closed","ping_status":"open","sticky":false,"template":"","format":"standard","meta":{"advgb_blocks_editor_width":"","advgb_blocks_columns_visual_guide":"","footnotes":"","jetpack_publicize_message":"El intendente de R\u00edo Negro, Guillermo Levratto, se refiri\u00f3 a la protesta realizada ayer por vecinos de Paso de la Cruz, quienes resolvieron cortar el acceso a la localidad en ...Lee la nota completa\ud83d\udc47","jetpack_publicize_feature_enabled":true,"jetpack_social_post_already_shared":false,"jetpack_social_options":{"image_generator_settings":{"template":"highway","default_image_id":0,"font":"","enabled":false},"version":2}},"categories":[29],"tags":[],"class_list":["post-9137","post","type-post","status-publish","format-standard","has-post-thumbnail","hentry","category-del-territorio"],"author_meta":{"display_name":"Portal","author_link":"https:\/\/portaldeyoung.uy\/index.php\/author\/admin_port\/"},"featured_img":"https:\/\/portaldeyoung.uy\/wp-content\/uploads\/2025\/08\/Levratto-1-300x200.jpg","jetpack_publicize_connections":[],"coauthors":[],"tax_additional":{"categories":{"linked":["<a href=\"https:\/\/portaldeyoung.uy\/index.php\/category\/del-territorio\/\" class=\"advgb-post-tax-term\">Del territorio<\/a>"],"unlinked":["<span class=\"advgb-post-tax-term\">Del territorio<\/span>"]}},"comment_count":"0","relative_dates":{"created":"Publicado 2 meses hace","modified":"Actualizado 1 mes hace"},"absolute_dates":{"created":"Publicado el marzo 16, 2026","modified":"Actualizado el marzo 20, 2026"},"absolute_dates_time":{"created":"Publicado el marzo 16, 2026 3:31 pm","modified":"Actualizado el marzo 20, 2026 4:11 pm"},"featured_img_caption":"","series_order":"","_links":{"self":[{"href":"https:\/\/portaldeyoung.uy\/index.php\/wp-json\/wp\/v2\/posts\/9137","targetHints":{"allow":["GET"]}}],"collection":[{"href":"https:\/\/portaldeyoung.uy\/index.php\/wp-json\/wp\/v2\/posts"}],"about":[{"href":"https:\/\/portaldeyoung.uy\/index.php\/wp-json\/wp\/v2\/types\/post"}],"author":[{"embeddable":true,"href":"https:\/\/portaldeyoung.uy\/index.php\/wp-json\/wp\/v2\/users\/1"}],"replies":[{"embeddable":true,"href":"https:\/\/portaldeyoung.uy\/index.php\/wp-json\/wp\/v2\/comments?post=9137"}],"version-history":[{"count":1,"href":"https:\/\/portaldeyoung.uy\/index.php\/wp-json\/wp\/v2\/posts\/9137\/revisions"}],"predecessor-version":[{"id":9138,"href":"https:\/\/portaldeyoung.uy\/index.php\/wp-json\/wp\/v2\/posts\/9137\/revisions\/9138"}],"wp:featuredmedia":[{"embeddable":true,"href":"https:\/\/portaldeyoung.uy\/index.php\/wp-json\/wp\/v2\/media\/2377"}],"wp:attachment":[{"href":"https:\/\/portaldeyoung.uy\/index.php\/wp-json\/wp\/v2\/media?parent=9137"}],"wp:term":[{"taxonomy":"category","embeddable":true,"href":"https:\/\/portaldeyoung.uy\/index.php\/wp-json\/wp\/v2\/categories?post=9137"},{"taxonomy":"post_tag","embeddable":true,"href":"https:\/\/portaldeyoung.uy\/index.php\/wp-json\/wp\/v2\/tags?post=9137"}],"curies":[{"name":"wp","href":"https:\/\/api.w.org\/{rel}","templated":true}]}}