{"id":9134,"date":"2026-03-16T15:25:32","date_gmt":"2026-03-16T15:25:32","guid":{"rendered":"https:\/\/portaldeyoung.uy\/?p=9134"},"modified":"2026-03-17T19:58:36","modified_gmt":"2026-03-17T19:58:36","slug":"fray-bentos-sera-sede-del-iv-encuentro-trinacional-de-areas-naturales-protegidas","status":"publish","type":"post","link":"https:\/\/portaldeyoung.uy\/index.php\/2026\/03\/16\/fray-bentos-sera-sede-del-iv-encuentro-trinacional-de-areas-naturales-protegidas\/","title":{"rendered":"Fray Bentos ser\u00e1 sede del IV Encuentro Trinacional de \u00c1reas Naturales Protegidas"},"content":{"rendered":"\n<p>La Intendencia de R\u00edo Negro invita a la apertura del IV Encuentro Trinacional de \u00c1reas Naturales Protegidas del R\u00edo Uruguay, bajo la consigna \u201cEl r\u00edo Uruguay, integrando ecosistemas y pueblos\u201d.<\/p>\n\n\n\n<p>El evento se realizar\u00e1 los d\u00edas 18, 19 y 20 de marzo, y la sesi\u00f3n inaugural ser\u00e1 el mi\u00e9rcoles 18 a las 14:00 horas en la Sala de Convenciones del Balneario Las Ca\u00f1as.<\/p>\n\n\n\n<p>El encuentro reunir\u00e1 a representantes de distintos pa\u00edses para intercambiar experiencias y fortalecer el trabajo conjunto en la conservaci\u00f3n de los ecosistemas del r\u00edo Uruguay y el desarrollo sostenible de las comunidades vinculadas al r\u00edo.<\/p>\n","protected":false},"excerpt":{"rendered":"<p>La Intendencia de R\u00edo Negro invita a la apertura del IV Encuentro Trinacional de \u00c1reas Naturales Protegidas del R\u00edo Uruguay, bajo la consigna \u201cEl r\u00edo<\/p>\n","protected":false},"author":1,"featured_media":9135,"comment_status":"closed","ping_status":"open","sticky":false,"template":"","format":"standard","meta":{"advgb_blocks_editor_width":"","advgb_blocks_columns_visual_guide":"","footnotes":"","jetpack_publicize_message":"La Intendencia de R\u00edo Negro invita a la apertura del IV Encuentro Trinacional de \u00c1reas Naturales Protegidas del R\u00edo Uruguay, bajo la consigna ...Lee la nota completa\ud83d\udc47","jetpack_publicize_feature_enabled":true,"jetpack_social_post_already_shared":false,"jetpack_social_options":{"image_generator_settings":{"template":"highway","default_image_id":0,"font":"","enabled":false},"version":2}},"categories":[29],"tags":[],"class_list":["post-9134","post","type-post","status-publish","format-standard","has-post-thumbnail","hentry","category-del-territorio"],"author_meta":{"display_name":"Portal","author_link":"https:\/\/portaldeyoung.uy\/index.php\/author\/admin_port\/"},"featured_img":"https:\/\/portaldeyoung.uy\/wp-content\/uploads\/2026\/03\/areas-protegidas-300x169.jpg","jetpack_publicize_connections":[],"coauthors":[],"tax_additional":{"categories":{"linked":["<a href=\"https:\/\/portaldeyoung.uy\/index.php\/category\/del-territorio\/\" class=\"advgb-post-tax-term\">Del territorio<\/a>"],"unlinked":["<span class=\"advgb-post-tax-term\">Del territorio<\/span>"]}},"comment_count":"0","relative_dates":{"created":"Publicado 1 mes hace","modified":"Actualizado 1 mes hace"},"absolute_dates":{"created":"Publicado el marzo 16, 2026","modified":"Actualizado el marzo 17, 2026"},"absolute_dates_time":{"created":"Publicado el marzo 16, 2026 3:25 pm","modified":"Actualizado el marzo 17, 2026 7:58 pm"},"featured_img_caption":"","series_order":"","_links":{"self":[{"href":"https:\/\/portaldeyoung.uy\/index.php\/wp-json\/wp\/v2\/posts\/9134","targetHints":{"allow":["GET"]}}],"collection":[{"href":"https:\/\/portaldeyoung.uy\/index.php\/wp-json\/wp\/v2\/posts"}],"about":[{"href":"https:\/\/portaldeyoung.uy\/index.php\/wp-json\/wp\/v2\/types\/post"}],"author":[{"embeddable":true,"href":"https:\/\/portaldeyoung.uy\/index.php\/wp-json\/wp\/v2\/users\/1"}],"replies":[{"embeddable":true,"href":"https:\/\/portaldeyoung.uy\/index.php\/wp-json\/wp\/v2\/comments?post=9134"}],"version-history":[{"count":1,"href":"https:\/\/portaldeyoung.uy\/index.php\/wp-json\/wp\/v2\/posts\/9134\/revisions"}],"predecessor-version":[{"id":9136,"href":"https:\/\/portaldeyoung.uy\/index.php\/wp-json\/wp\/v2\/posts\/9134\/revisions\/9136"}],"wp:featuredmedia":[{"embeddable":true,"href":"https:\/\/portaldeyoung.uy\/index.php\/wp-json\/wp\/v2\/media\/9135"}],"wp:attachment":[{"href":"https:\/\/portaldeyoung.uy\/index.php\/wp-json\/wp\/v2\/media?parent=9134"}],"wp:term":[{"taxonomy":"category","embeddable":true,"href":"https:\/\/portaldeyoung.uy\/index.php\/wp-json\/wp\/v2\/categories?post=9134"},{"taxonomy":"post_tag","embeddable":true,"href":"https:\/\/portaldeyoung.uy\/index.php\/wp-json\/wp\/v2\/tags?post=9134"}],"curies":[{"name":"wp","href":"https:\/\/api.w.org\/{rel}","templated":true}]}}