{"id":9128,"date":"2026-03-16T15:15:36","date_gmt":"2026-03-16T15:15:36","guid":{"rendered":"https:\/\/portaldeyoung.uy\/?p=9128"},"modified":"2026-03-16T15:15:38","modified_gmt":"2026-03-16T15:15:38","slug":"ute-invertira-15-000-dolares-para-iluminar-canchas-de-futbol-infantil","status":"publish","type":"post","link":"https:\/\/portaldeyoung.uy\/index.php\/2026\/03\/16\/ute-invertira-15-000-dolares-para-iluminar-canchas-de-futbol-infantil\/","title":{"rendered":"UTE invertir\u00e1 15.000 d\u00f3lares para iluminar canchas de f\u00fatbol infantil"},"content":{"rendered":"\n<p>Seg\u00fan inform\u00f3 Presidencia, UTE aplicar\u00e1 tecnolog\u00eda de \u00faltima generaci\u00f3n para mejorar la iluminaci\u00f3n.<\/p>\n\n\n\n<p>El vicepresidente de UTE, Roberto Bentancor, explic\u00f3 que las obras ser\u00e1n ejecutadas por cooperativas que ya trabajan en el Plan de Inclusi\u00f3n Social del ente.<\/p>\n\n\n\n<p>Agreg\u00f3 que, adem\u00e1s de la infraestructura para los focos led, se instalar\u00e1 un medidor en cada cancha, que registrar\u00e1 una tarifa social, cuyo consumo ser\u00eda abonado por las intendencias departamentales.<\/p>\n\n\n\n<p>En un promedio de cuatro horas por d\u00eda de uso, con la tarifa subsidiada, el costo ser\u00eda de unos 1.000 pesos, explic\u00f3 el jerarca, quien agreg\u00f3 que la empresa invertir\u00e1 unos 15.000 d\u00f3lares para iluminar cada cancha.<\/p>\n\n\n\n<p><strong>Hacia un espacio deportivo protegido<\/strong><\/p>\n\n\n\n<p>Por su parte, el secretario nacional del Deporte, Alejandro Pereda, sostuvo que la secretar\u00eda defini\u00f3 como objetivo generar espacios protegidos, donde se desarrollen actividades deportivas con condiciones b\u00e1sicas de seguridad. Asimismo, adelant\u00f3 que tambi\u00e9n se procura disponer de conexi\u00f3n a internet en todas las canchas.<\/p>\n\n\n\n<p>Pereda subray\u00f3 que la Organizaci\u00f3n Nacional de F\u00fatbol Infantil realiza un relevamiento de las instituciones existentes, luego de lo cual se definir\u00e1n las prioridades para comenzar con la implementaci\u00f3n del Programa Nacional de Iluminaci\u00f3n de Canchas de F\u00fatbol Infantil.<\/p>\n\n\n\n<p>No obstante, adelant\u00f3 que hay unas 650 instituciones deportivas de este tipo en todo el pa\u00eds. Se estima que son alrededor de 100 las canchas que no cuenta con ning\u00fan tipo de iluminaci\u00f3n y unas 200 las que tienen iluminaci\u00f3n precaria.<\/p>\n\n\n\n<p><strong>Derecho al disfrute<\/strong><\/p>\n\n\n\n<p>\u201cEn un espacio deportivo protegido, se debe contemplar el derecho al disfrute, tiene mucho que ver con generar un clima donde el ni\u00f1o disfrute de la actividad\u201d, subray\u00f3 Pereda.<\/p>\n\n\n\n<p>Agreg\u00f3 que este tipo de espacios re\u00fane una serie de condiciones, por lo que para algunas instituciones ser\u00e1 m\u00e1s f\u00e1cil la ejecuci\u00f3n y para otras requerir\u00e1 de un plazo mayor. \u201cVamos camino a esa direcci\u00f3n\u201d, sostuvo.<\/p>\n\n\n\n<p><em>Fuente: Presidencia<\/em><\/p>\n","protected":false},"excerpt":{"rendered":"<p>Seg\u00fan inform\u00f3 Presidencia, UTE aplicar\u00e1 tecnolog\u00eda de \u00faltima generaci\u00f3n para mejorar la iluminaci\u00f3n. El vicepresidente de UTE, Roberto Bentancor, explic\u00f3 que las obras ser\u00e1n ejecutadas<\/p>\n","protected":false},"author":1,"featured_media":9129,"comment_status":"closed","ping_status":"open","sticky":false,"template":"","format":"standard","meta":{"advgb_blocks_editor_width":"","advgb_blocks_columns_visual_guide":"","footnotes":"","jetpack_publicize_message":"Seg\u00fan inform\u00f3 Presidencia, UTE aplicar\u00e1 tecnolog\u00eda de \u00faltima generaci\u00f3n para mejorar la iluminaci\u00f3n ...Lee la nota completa\ud83d\udc47","jetpack_publicize_feature_enabled":true,"jetpack_social_post_already_shared":false,"jetpack_social_options":{"image_generator_settings":{"template":"highway","default_image_id":0,"font":"","enabled":false},"version":2}},"categories":[7],"tags":[],"class_list":["post-9128","post","type-post","status-publish","format-standard","has-post-thumbnail","hentry","category-del-pais"],"author_meta":{"display_name":"Portal","author_link":"https:\/\/portaldeyoung.uy\/index.php\/author\/admin_port\/"},"featured_img":"https:\/\/portaldeyoung.uy\/wp-content\/uploads\/2026\/03\/baby-300x185.png","jetpack_publicize_connections":[],"coauthors":[],"tax_additional":{"categories":{"linked":["<a href=\"https:\/\/portaldeyoung.uy\/index.php\/category\/del-pais\/\" class=\"advgb-post-tax-term\">Del pa\u00eds<\/a>"],"unlinked":["<span class=\"advgb-post-tax-term\">Del pa\u00eds<\/span>"]}},"comment_count":"0","relative_dates":{"created":"Publicado 1 mes hace","modified":"Actualizado 1 mes hace"},"absolute_dates":{"created":"Publicado el marzo 16, 2026","modified":"Actualizado el marzo 16, 2026"},"absolute_dates_time":{"created":"Publicado el marzo 16, 2026 3:15 pm","modified":"Actualizado el marzo 16, 2026 3:15 pm"},"featured_img_caption":"","series_order":"","_links":{"self":[{"href":"https:\/\/portaldeyoung.uy\/index.php\/wp-json\/wp\/v2\/posts\/9128","targetHints":{"allow":["GET"]}}],"collection":[{"href":"https:\/\/portaldeyoung.uy\/index.php\/wp-json\/wp\/v2\/posts"}],"about":[{"href":"https:\/\/portaldeyoung.uy\/index.php\/wp-json\/wp\/v2\/types\/post"}],"author":[{"embeddable":true,"href":"https:\/\/portaldeyoung.uy\/index.php\/wp-json\/wp\/v2\/users\/1"}],"replies":[{"embeddable":true,"href":"https:\/\/portaldeyoung.uy\/index.php\/wp-json\/wp\/v2\/comments?post=9128"}],"version-history":[{"count":1,"href":"https:\/\/portaldeyoung.uy\/index.php\/wp-json\/wp\/v2\/posts\/9128\/revisions"}],"predecessor-version":[{"id":9130,"href":"https:\/\/portaldeyoung.uy\/index.php\/wp-json\/wp\/v2\/posts\/9128\/revisions\/9130"}],"wp:featuredmedia":[{"embeddable":true,"href":"https:\/\/portaldeyoung.uy\/index.php\/wp-json\/wp\/v2\/media\/9129"}],"wp:attachment":[{"href":"https:\/\/portaldeyoung.uy\/index.php\/wp-json\/wp\/v2\/media?parent=9128"}],"wp:term":[{"taxonomy":"category","embeddable":true,"href":"https:\/\/portaldeyoung.uy\/index.php\/wp-json\/wp\/v2\/categories?post=9128"},{"taxonomy":"post_tag","embeddable":true,"href":"https:\/\/portaldeyoung.uy\/index.php\/wp-json\/wp\/v2\/tags?post=9128"}],"curies":[{"name":"wp","href":"https:\/\/api.w.org\/{rel}","templated":true}]}}