{"id":9101,"date":"2026-03-13T15:51:40","date_gmt":"2026-03-13T15:51:40","guid":{"rendered":"https:\/\/portaldeyoung.uy\/?p=9101"},"modified":"2026-03-16T16:12:59","modified_gmt":"2026-03-16T16:12:59","slug":"apertura-de-sobres-para-licitacion-de-transporte-estudiantil-hacia-centros-educativos-de-young","status":"publish","type":"post","link":"https:\/\/portaldeyoung.uy\/index.php\/2026\/03\/13\/apertura-de-sobres-para-licitacion-de-transporte-estudiantil-hacia-centros-educativos-de-young\/","title":{"rendered":"Apertura de sobres para licitaci\u00f3n de transporte estudiantil hacia centros educativos de Young"},"content":{"rendered":"\n<p>El d\u00eda mi\u00e9rcoles 11 de marzo de 2026, en la ciudad de Young, se realiz\u00f3 la apertura de sobres del llamado para la contrataci\u00f3n del servicio de transporte de estudiantes del interior del departamento hacia los centros educativos de la ciudad.<\/p>\n\n\n\n<p>La instancia se desarroll\u00f3 en el marco de una licitaci\u00f3n abreviada y estuvo a cargo de la escribana Sof\u00eda Casaretto, del Departamento Jur\u00eddico de la Intendencia de R\u00edo Negro.<\/p>\n\n\n\n<p>En total se licitaron tres circuitos, present\u00e1ndose tres empresas, una para cada recorrido. El circuito 1 corresponde a Paso de la Cruz, con una distancia de 29 kil\u00f3metros, e incluye estudiantes de Valle de Soba y Menafra. El circuito 2 es el de Sauce, con 40 kil\u00f3metros, incorporando tambi\u00e9n traslados de estudiantes de S\u00e1nchez Chico y S\u00e1nchez Grande. En tanto, el circuito 3 comprende el trayecto desde Pueblo Greco hasta Young.<\/p>\n\n\n\n<p>Tras la apertura de sobres, se realizar\u00e1 el estudio de las propuestas para verificar que cumplan con los requisitos del pliego. Posteriormente se dar\u00e1 a conocer qu\u00e9 empresas quedar\u00e1n a cargo de cada circuito.<\/p>\n\n\n\n<p>El servicio de transporte estudiantil nunca se suspendi\u00f3, ya que para asegurar el inicio del a\u00f1o lectivo se realiz\u00f3 una extensi\u00f3n de los contratos anteriores, permitiendo que los estudiantes continuaran traslad\u00e1ndose con normalidad mientras se desarrolla el proceso licitatorio.<\/p>\n\n\n\n<p><em>*imagen meramente ilustrativa<\/em><\/p>\n","protected":false},"excerpt":{"rendered":"<p>El d\u00eda mi\u00e9rcoles 11 de marzo de 2026, en la ciudad de Young, se realiz\u00f3 la apertura de sobres del llamado para la contrataci\u00f3n del<\/p>\n","protected":false},"author":1,"featured_media":8646,"comment_status":"closed","ping_status":"open","sticky":false,"template":"","format":"standard","meta":{"advgb_blocks_editor_width":"","advgb_blocks_columns_visual_guide":"","footnotes":"","jetpack_publicize_message":"en la ciudad de Young, se realiz\u00f3 la apertura de sobres del llamado para la contrataci\u00f3n del servicio de transporte de estudiantes del interior ...Lee la nota completa\ud83d\udc47","jetpack_publicize_feature_enabled":true,"jetpack_social_post_already_shared":false,"jetpack_social_options":{"image_generator_settings":{"template":"highway","default_image_id":0,"font":"","enabled":false},"version":2}},"categories":[28],"tags":[],"class_list":["post-9101","post","type-post","status-publish","format-standard","has-post-thumbnail","hentry","category-de-la-ciudad"],"author_meta":{"display_name":"Portal","author_link":"https:\/\/portaldeyoung.uy\/index.php\/author\/admin_port\/"},"featured_img":"https:\/\/portaldeyoung.uy\/wp-content\/uploads\/2026\/02\/bus-escolar-300x150.jpg","jetpack_publicize_connections":[],"coauthors":[],"tax_additional":{"categories":{"linked":["<a href=\"https:\/\/portaldeyoung.uy\/index.php\/category\/de-la-ciudad\/\" class=\"advgb-post-tax-term\">De la ciudad<\/a>"],"unlinked":["<span class=\"advgb-post-tax-term\">De la ciudad<\/span>"]}},"comment_count":"0","relative_dates":{"created":"Publicado 2 meses hace","modified":"Actualizado 2 meses hace"},"absolute_dates":{"created":"Publicado el marzo 13, 2026","modified":"Actualizado el marzo 16, 2026"},"absolute_dates_time":{"created":"Publicado el marzo 13, 2026 3:51 pm","modified":"Actualizado el marzo 16, 2026 4:12 pm"},"featured_img_caption":"","series_order":"","_links":{"self":[{"href":"https:\/\/portaldeyoung.uy\/index.php\/wp-json\/wp\/v2\/posts\/9101","targetHints":{"allow":["GET"]}}],"collection":[{"href":"https:\/\/portaldeyoung.uy\/index.php\/wp-json\/wp\/v2\/posts"}],"about":[{"href":"https:\/\/portaldeyoung.uy\/index.php\/wp-json\/wp\/v2\/types\/post"}],"author":[{"embeddable":true,"href":"https:\/\/portaldeyoung.uy\/index.php\/wp-json\/wp\/v2\/users\/1"}],"replies":[{"embeddable":true,"href":"https:\/\/portaldeyoung.uy\/index.php\/wp-json\/wp\/v2\/comments?post=9101"}],"version-history":[{"count":1,"href":"https:\/\/portaldeyoung.uy\/index.php\/wp-json\/wp\/v2\/posts\/9101\/revisions"}],"predecessor-version":[{"id":9102,"href":"https:\/\/portaldeyoung.uy\/index.php\/wp-json\/wp\/v2\/posts\/9101\/revisions\/9102"}],"wp:featuredmedia":[{"embeddable":true,"href":"https:\/\/portaldeyoung.uy\/index.php\/wp-json\/wp\/v2\/media\/8646"}],"wp:attachment":[{"href":"https:\/\/portaldeyoung.uy\/index.php\/wp-json\/wp\/v2\/media?parent=9101"}],"wp:term":[{"taxonomy":"category","embeddable":true,"href":"https:\/\/portaldeyoung.uy\/index.php\/wp-json\/wp\/v2\/categories?post=9101"},{"taxonomy":"post_tag","embeddable":true,"href":"https:\/\/portaldeyoung.uy\/index.php\/wp-json\/wp\/v2\/tags?post=9101"}],"curies":[{"name":"wp","href":"https:\/\/api.w.org\/{rel}","templated":true}]}}