{"id":9099,"date":"2026-03-13T15:43:19","date_gmt":"2026-03-13T15:43:19","guid":{"rendered":"https:\/\/portaldeyoung.uy\/?p=9099"},"modified":"2026-03-23T10:46:32","modified_gmt":"2026-03-23T13:46:32","slug":"hurto-en-comercio-de-la-ciudad-policia-investiga-el-hecho","status":"publish","type":"post","link":"https:\/\/portaldeyoung.uy\/index.php\/2026\/03\/13\/hurto-en-comercio-de-la-ciudad-policia-investiga-el-hecho\/","title":{"rendered":"Hurto en comercio de la ciudad: Polic\u00eda investiga el hecho"},"content":{"rendered":"\n<p>Personal policial de Young tom\u00f3 intervenci\u00f3n ante una denuncia de hurto registrada en un comercio de la zona, seg\u00fan se inform\u00f3 desde el Centro de Comando Unificado Departamental.<\/p>\n\n\n\n<p>De acuerdo a lo indicado, efectivos policiales concurrieron al lugar tras recibir la comunicaci\u00f3n del hecho. All\u00ed se entrevistaron con el propietario del local, quien manifest\u00f3 que un hombre ingres\u00f3 al comercio y sustrajo diversas mercader\u00edas.<\/p>\n\n\n\n<p>El damnificado radic\u00f3 la denuncia correspondiente, aunque se\u00f1al\u00f3 que por el momento no pudo establecer el valor de lo hurtado debido a que a\u00fan se encuentra realizando el relevamiento de los productos faltantes.<\/p>\n\n\n\n<p>Las actuaciones fueron derivadas a la <strong>Unidad de Investigaciones de Zona II<\/strong>, que se encuentra trabajando en el caso para esclarecer lo ocurrido y dar con el responsable del hurto.<\/p>\n","protected":false},"excerpt":{"rendered":"<p>Personal policial de Young tom\u00f3 intervenci\u00f3n ante una denuncia de hurto registrada en un comercio de la zona, seg\u00fan se inform\u00f3 desde el Centro de<\/p>\n","protected":false},"author":1,"featured_media":4214,"comment_status":"closed","ping_status":"open","sticky":false,"template":"","format":"standard","meta":{"advgb_blocks_editor_width":"","advgb_blocks_columns_visual_guide":"","footnotes":"","jetpack_publicize_message":"Personal policial de Young tom\u00f3 intervenci\u00f3n ante una denuncia de hurto registrada en un comercio de la zona, seg\u00fan se inform\u00f3 desde el ...Lee la nota completa\ud83d\udc47","jetpack_publicize_feature_enabled":true,"jetpack_social_post_already_shared":false,"jetpack_social_options":{"image_generator_settings":{"template":"highway","default_image_id":0,"font":"","enabled":false},"version":2}},"categories":[28],"tags":[],"class_list":["post-9099","post","type-post","status-publish","format-standard","has-post-thumbnail","hentry","category-de-la-ciudad"],"author_meta":{"display_name":"Portal","author_link":"https:\/\/portaldeyoung.uy\/index.php\/author\/admin_port\/"},"featured_img":"https:\/\/portaldeyoung.uy\/wp-content\/uploads\/2025\/10\/Policia-movil-300x162.png","jetpack_publicize_connections":[],"coauthors":[],"tax_additional":{"categories":{"linked":["<a href=\"https:\/\/portaldeyoung.uy\/index.php\/category\/de-la-ciudad\/\" class=\"advgb-post-tax-term\">De la ciudad<\/a>"],"unlinked":["<span class=\"advgb-post-tax-term\">De la ciudad<\/span>"]}},"comment_count":"0","relative_dates":{"created":"Publicado 2 meses hace","modified":"Actualizado 1 mes hace"},"absolute_dates":{"created":"Publicado el marzo 13, 2026","modified":"Actualizado el marzo 23, 2026"},"absolute_dates_time":{"created":"Publicado el marzo 13, 2026 3:43 pm","modified":"Actualizado el marzo 23, 2026 10:46 am"},"featured_img_caption":"","series_order":"","_links":{"self":[{"href":"https:\/\/portaldeyoung.uy\/index.php\/wp-json\/wp\/v2\/posts\/9099","targetHints":{"allow":["GET"]}}],"collection":[{"href":"https:\/\/portaldeyoung.uy\/index.php\/wp-json\/wp\/v2\/posts"}],"about":[{"href":"https:\/\/portaldeyoung.uy\/index.php\/wp-json\/wp\/v2\/types\/post"}],"author":[{"embeddable":true,"href":"https:\/\/portaldeyoung.uy\/index.php\/wp-json\/wp\/v2\/users\/1"}],"replies":[{"embeddable":true,"href":"https:\/\/portaldeyoung.uy\/index.php\/wp-json\/wp\/v2\/comments?post=9099"}],"version-history":[{"count":1,"href":"https:\/\/portaldeyoung.uy\/index.php\/wp-json\/wp\/v2\/posts\/9099\/revisions"}],"predecessor-version":[{"id":9100,"href":"https:\/\/portaldeyoung.uy\/index.php\/wp-json\/wp\/v2\/posts\/9099\/revisions\/9100"}],"wp:featuredmedia":[{"embeddable":true,"href":"https:\/\/portaldeyoung.uy\/index.php\/wp-json\/wp\/v2\/media\/4214"}],"wp:attachment":[{"href":"https:\/\/portaldeyoung.uy\/index.php\/wp-json\/wp\/v2\/media?parent=9099"}],"wp:term":[{"taxonomy":"category","embeddable":true,"href":"https:\/\/portaldeyoung.uy\/index.php\/wp-json\/wp\/v2\/categories?post=9099"},{"taxonomy":"post_tag","embeddable":true,"href":"https:\/\/portaldeyoung.uy\/index.php\/wp-json\/wp\/v2\/tags?post=9099"}],"curies":[{"name":"wp","href":"https:\/\/api.w.org\/{rel}","templated":true}]}}