{"id":9096,"date":"2026-03-13T15:25:55","date_gmt":"2026-03-13T15:25:55","guid":{"rendered":"https:\/\/portaldeyoung.uy\/?p=9096"},"modified":"2026-03-19T17:49:59","modified_gmt":"2026-03-19T20:49:59","slug":"detectan-picudo-rojo-en-young-y-activan-medidas-de-vigilancia-en-el-departamento","status":"publish","type":"post","link":"https:\/\/portaldeyoung.uy\/index.php\/2026\/03\/13\/detectan-picudo-rojo-en-young-y-activan-medidas-de-vigilancia-en-el-departamento\/","title":{"rendered":"Detectan picudo rojo en Young y activan medidas de vigilancia en el departamento"},"content":{"rendered":"\n<p>La presencia del picudo rojo fue confirmada en una palmera ubicada en una vivienda particular de la ciudad de Young, tras los an\u00e1lisis realizados por el Ministerio de Ganader\u00eda, Agricultura y Pesca.<\/p>\n\n\n\n<p>Ante la detecci\u00f3n, autoridades departamentales y nacionales activaron el protocolo correspondiente y convocaron al comit\u00e9 de seguimiento para coordinar las acciones a implementar. La palmera afectada ya recibi\u00f3 el tratamiento previsto, por lo que el foco inicial est\u00e1 siendo controlado.<\/p>\n\n\n\n<p>A partir de este caso se puso en marcha un operativo de vigilancia en la zona y en otras localidades del departamento, con el objetivo de identificar de forma temprana posibles nuevos focos. Las tareas tambi\u00e9n incluyen el relevamiento de palmeras con valor patrimonial o simb\u00f3lico para su preservaci\u00f3n.<\/p>\n\n\n\n<p>Desde la Intendencia se solicita a la poblaci\u00f3n que, ante cualquier cambio o comportamiento inusual en palmeras ubicadas en predios particulares o espacios p\u00fablicos, lo comunique a las autoridades para permitir una r\u00e1pida intervenci\u00f3n.<\/p>\n\n\n\n<p>El picudo rojo afecta principalmente a especies como las palmeras F\u00e9nix , por lo que la detecci\u00f3n temprana y las medidas preventivas resultan claves para evitar su propagaci\u00f3n.<\/p>\n","protected":false},"excerpt":{"rendered":"<p>La presencia del picudo rojo fue confirmada en una palmera ubicada en una vivienda particular de la ciudad de Young, tras los an\u00e1lisis realizados por<\/p>\n","protected":false},"author":1,"featured_media":9097,"comment_status":"closed","ping_status":"open","sticky":false,"template":"","format":"standard","meta":{"advgb_blocks_editor_width":"","advgb_blocks_columns_visual_guide":"","footnotes":"","jetpack_publicize_message":"La presencia del picudo rojo fue confirmada en una palmera ubicada en una vivienda particular de la ciudad de Young, tras los an\u00e1lisis realizados por ...Lee la nota completa\ud83d\udc47","jetpack_publicize_feature_enabled":true,"jetpack_social_post_already_shared":false,"jetpack_social_options":{"image_generator_settings":{"template":"highway","default_image_id":0,"font":"","enabled":false},"version":2}},"categories":[28],"tags":[],"class_list":["post-9096","post","type-post","status-publish","format-standard","has-post-thumbnail","hentry","category-de-la-ciudad"],"author_meta":{"display_name":"Portal","author_link":"https:\/\/portaldeyoung.uy\/index.php\/author\/admin_port\/"},"featured_img":"https:\/\/portaldeyoung.uy\/wp-content\/uploads\/2026\/03\/cecoed-rio-negro-300x168.jpeg","jetpack_publicize_connections":[],"coauthors":[],"tax_additional":{"categories":{"linked":["<a href=\"https:\/\/portaldeyoung.uy\/index.php\/category\/de-la-ciudad\/\" class=\"advgb-post-tax-term\">De la ciudad<\/a>"],"unlinked":["<span class=\"advgb-post-tax-term\">De la ciudad<\/span>"]}},"comment_count":"0","relative_dates":{"created":"Publicado 2 meses hace","modified":"Actualizado 1 mes hace"},"absolute_dates":{"created":"Publicado el marzo 13, 2026","modified":"Actualizado el marzo 19, 2026"},"absolute_dates_time":{"created":"Publicado el marzo 13, 2026 3:25 pm","modified":"Actualizado el marzo 19, 2026 5:49 pm"},"featured_img_caption":"","series_order":"","_links":{"self":[{"href":"https:\/\/portaldeyoung.uy\/index.php\/wp-json\/wp\/v2\/posts\/9096","targetHints":{"allow":["GET"]}}],"collection":[{"href":"https:\/\/portaldeyoung.uy\/index.php\/wp-json\/wp\/v2\/posts"}],"about":[{"href":"https:\/\/portaldeyoung.uy\/index.php\/wp-json\/wp\/v2\/types\/post"}],"author":[{"embeddable":true,"href":"https:\/\/portaldeyoung.uy\/index.php\/wp-json\/wp\/v2\/users\/1"}],"replies":[{"embeddable":true,"href":"https:\/\/portaldeyoung.uy\/index.php\/wp-json\/wp\/v2\/comments?post=9096"}],"version-history":[{"count":1,"href":"https:\/\/portaldeyoung.uy\/index.php\/wp-json\/wp\/v2\/posts\/9096\/revisions"}],"predecessor-version":[{"id":9098,"href":"https:\/\/portaldeyoung.uy\/index.php\/wp-json\/wp\/v2\/posts\/9096\/revisions\/9098"}],"wp:featuredmedia":[{"embeddable":true,"href":"https:\/\/portaldeyoung.uy\/index.php\/wp-json\/wp\/v2\/media\/9097"}],"wp:attachment":[{"href":"https:\/\/portaldeyoung.uy\/index.php\/wp-json\/wp\/v2\/media?parent=9096"}],"wp:term":[{"taxonomy":"category","embeddable":true,"href":"https:\/\/portaldeyoung.uy\/index.php\/wp-json\/wp\/v2\/categories?post=9096"},{"taxonomy":"post_tag","embeddable":true,"href":"https:\/\/portaldeyoung.uy\/index.php\/wp-json\/wp\/v2\/tags?post=9096"}],"curies":[{"name":"wp","href":"https:\/\/api.w.org\/{rel}","templated":true}]}}