{"id":9088,"date":"2026-03-13T11:37:53","date_gmt":"2026-03-13T11:37:53","guid":{"rendered":"https:\/\/portaldeyoung.uy\/?p=9088"},"modified":"2026-03-17T19:57:59","modified_gmt":"2026-03-17T19:57:59","slug":"reformas-y-mejoras-en-el-edificio-del-municipio-de-young-apuntan-a-mayor-accesibilidad","status":"publish","type":"post","link":"https:\/\/portaldeyoung.uy\/index.php\/2026\/03\/13\/reformas-y-mejoras-en-el-edificio-del-municipio-de-young-apuntan-a-mayor-accesibilidad\/","title":{"rendered":"Reformas y mejoras en el edificio del Municipio de Young apuntan a mayor accesibilidad"},"content":{"rendered":"\n<p>La alcaldesa del Municipio de Young, Cecilia Rodr\u00edguez, fue entrevistada en el programa  <em>Young al D\u00eda<\/em>, instancia en la que brind\u00f3 detalles sobre las reformas y trabajos de remodelaci\u00f3n que se vienen realizando en el edificio municipal, ubicado en la esquina de 18 de Julio y 25 de Agosto.<\/p>\n\n\n\n<p>Rodr\u00edguez explic\u00f3 que varias de estas intervenciones se han impulsado a partir de los distintos Planes Operativos Anuales elaborados por el concejo municipal, en los que se prioriz\u00f3 la mejora de la infraestructura del edificio. En ese sentido, record\u00f3 que durante el a\u00f1o pasado se realizaron trabajos en la cubierta superior del techo, la cual presentaba problemas de humedad.<\/p>\n\n\n\n<p>\u201cCon esos fondos se trabaj\u00f3 primero en solucionar el tema del techo y ahora se est\u00e1n destinando recursos al mantenimiento general y a la pintura de la fachada del edificio\u201d, se\u00f1al\u00f3 la alcaldesa.<\/p>\n\n\n\n<p>Uno de los proyectos que ha generado mayor debate en entre los vecinos es la incorporaci\u00f3n de un ascensor para acceder a la planta alta. Rodr\u00edguez reconoci\u00f3 que la iniciativa ha sido \u201cmuy pol\u00e9mica\u201d, ya que algunos vecinos cuestionan la inversi\u00f3n considerando la cantidad de personas que podr\u00edan utilizarlo.<\/p>\n\n\n\n<p>Sin embargo, la jerarca defendi\u00f3 la decisi\u00f3n del municipio y la Intendencia. \u201cEstamos proponiendo accesibilidad plena en el edificio. Aunque una sola persona lo utilice, ya vali\u00f3 la pena\u201d, afirm\u00f3. En ese sentido, subray\u00f3 que el objetivo es que el edificio municipal sea completamente inclusivo y accesible para toda la poblaci\u00f3n.<\/p>\n\n\n\n<p>A estas mejoras tambi\u00e9n se suma el apoyo de la Intendencia a trav\u00e9s del Fondo de Desarrollo del Interior, que permitir\u00e1 equipar con nuevo mobiliario la planta baja del edificio. Seg\u00fan explic\u00f3 Rodr\u00edguez, el prop\u00f3sito es transformar ese sector en un espacio de atenci\u00f3n personalizada para los vecinos.<\/p>\n\n\n\n<p>La iniciativa estar\u00e1 acompa\u00f1ada por una capacitaci\u00f3n dirigida al personal encargado de la atenci\u00f3n al p\u00fablico, buscando mejorar la calidad del servicio que brinda el municipio a la comunidad.<\/p>\n","protected":false},"excerpt":{"rendered":"<p>La alcaldesa del Municipio de Young, Cecilia Rodr\u00edguez, fue entrevistada en el programa Young al D\u00eda, instancia en la que brind\u00f3 detalles sobre las reformas<\/p>\n","protected":false},"author":1,"featured_media":9089,"comment_status":"closed","ping_status":"open","sticky":false,"template":"","format":"standard","meta":{"advgb_blocks_editor_width":"","advgb_blocks_columns_visual_guide":"","footnotes":"","jetpack_publicize_message":"Uno de los proyectos que ha generado mayor debate en la comunidad es la incorporaci\u00f3n de un ascensor para acceder a la planta alta. Rodr\u00edguez reconoci\u00f3 que ...Lee la nota completa\ud83d\udc47","jetpack_publicize_feature_enabled":true,"jetpack_social_post_already_shared":false,"jetpack_social_options":{"image_generator_settings":{"template":"highway","default_image_id":0,"font":"","enabled":false},"version":2}},"categories":[28],"tags":[],"class_list":["post-9088","post","type-post","status-publish","format-standard","has-post-thumbnail","hentry","category-de-la-ciudad"],"author_meta":{"display_name":"Portal","author_link":"https:\/\/portaldeyoung.uy\/index.php\/author\/admin_port\/"},"featured_img":"https:\/\/portaldeyoung.uy\/wp-content\/uploads\/2026\/03\/Municipio-300x150.jpg","jetpack_publicize_connections":[],"coauthors":[],"tax_additional":{"categories":{"linked":["<a href=\"https:\/\/portaldeyoung.uy\/index.php\/category\/de-la-ciudad\/\" class=\"advgb-post-tax-term\">De la ciudad<\/a>"],"unlinked":["<span class=\"advgb-post-tax-term\">De la ciudad<\/span>"]}},"comment_count":"0","relative_dates":{"created":"Publicado 2 meses hace","modified":"Actualizado 1 mes hace"},"absolute_dates":{"created":"Publicado el marzo 13, 2026","modified":"Actualizado el marzo 17, 2026"},"absolute_dates_time":{"created":"Publicado el marzo 13, 2026 11:37 am","modified":"Actualizado el marzo 17, 2026 7:57 pm"},"featured_img_caption":"","series_order":"","_links":{"self":[{"href":"https:\/\/portaldeyoung.uy\/index.php\/wp-json\/wp\/v2\/posts\/9088","targetHints":{"allow":["GET"]}}],"collection":[{"href":"https:\/\/portaldeyoung.uy\/index.php\/wp-json\/wp\/v2\/posts"}],"about":[{"href":"https:\/\/portaldeyoung.uy\/index.php\/wp-json\/wp\/v2\/types\/post"}],"author":[{"embeddable":true,"href":"https:\/\/portaldeyoung.uy\/index.php\/wp-json\/wp\/v2\/users\/1"}],"replies":[{"embeddable":true,"href":"https:\/\/portaldeyoung.uy\/index.php\/wp-json\/wp\/v2\/comments?post=9088"}],"version-history":[{"count":3,"href":"https:\/\/portaldeyoung.uy\/index.php\/wp-json\/wp\/v2\/posts\/9088\/revisions"}],"predecessor-version":[{"id":9092,"href":"https:\/\/portaldeyoung.uy\/index.php\/wp-json\/wp\/v2\/posts\/9088\/revisions\/9092"}],"wp:featuredmedia":[{"embeddable":true,"href":"https:\/\/portaldeyoung.uy\/index.php\/wp-json\/wp\/v2\/media\/9089"}],"wp:attachment":[{"href":"https:\/\/portaldeyoung.uy\/index.php\/wp-json\/wp\/v2\/media?parent=9088"}],"wp:term":[{"taxonomy":"category","embeddable":true,"href":"https:\/\/portaldeyoung.uy\/index.php\/wp-json\/wp\/v2\/categories?post=9088"},{"taxonomy":"post_tag","embeddable":true,"href":"https:\/\/portaldeyoung.uy\/index.php\/wp-json\/wp\/v2\/tags?post=9088"}],"curies":[{"name":"wp","href":"https:\/\/api.w.org\/{rel}","templated":true}]}}