{"id":9083,"date":"2026-03-13T10:45:37","date_gmt":"2026-03-13T10:45:37","guid":{"rendered":"https:\/\/portaldeyoung.uy\/?p=9083"},"modified":"2026-03-17T19:58:08","modified_gmt":"2026-03-17T19:58:08","slug":"la-sede-streaming-estara-presente-en-expoactiva-nacional-con-una-propuesta-sobre-comunicacion-y-agro","status":"publish","type":"post","link":"https:\/\/portaldeyoung.uy\/index.php\/2026\/03\/13\/la-sede-streaming-estara-presente-en-expoactiva-nacional-con-una-propuesta-sobre-comunicacion-y-agro\/","title":{"rendered":"La sede Streaming estar\u00e1 presente en Expoactiva Nacional con una propuesta sobre comunicaci\u00f3n y agro"},"content":{"rendered":"\n<p>En el marco de la pr\u00f3xima edici\u00f3n de la Expoactiva Nacional, se llevar\u00e1 a cabo una actividad vinculada a la comunicaci\u00f3n y los agronegocios organizada por la Sociedad Rural de R\u00edo Negro en conjunto con la Universidad ORT Uruguay.<\/p>\n\n\n\n<p>La propuesta de <strong>\u201cLa sede Streaming\u201d<\/strong> se desarrollar\u00e1 el <strong>mi\u00e9rcoles 18 de marzo a las 16:00 horas<\/strong>, en un espacio ubicado <strong>al lado de la sala de conferencias<\/strong> dentro del predio de la exposici\u00f3n. La actividad contar\u00e1 con la participaci\u00f3n de <strong>Carlos Hartwich, Andr\u00e9s Fleurquin, Mar\u00eda Larrauri y Carlos Guinovart<\/strong>, quienes compartir\u00e1n experiencias y reflexiones vinculadas al streaming, la comunicaci\u00f3n digital y su v\u00ednculo con el sector agropecuario.<\/p>\n\n\n\n<p>Posteriormente, a las <strong>18:00 horas<\/strong>, se realizar\u00e1 una charla organizada por la Universidad ORT Uruguay titulada <strong>\u201cEl rol de la log\u00edstica en los agronegocios\u201d<\/strong>, que estar\u00e1 a cargo del ingeniero Juan Opertti. La conferencia tendr\u00e1 lugar en la <strong>Sala de Conferencias<\/strong> del predio.<\/p>\n\n\n\n<p>La actividad se presenta como una oportunidad para abordar temas de innovaci\u00f3n, comunicaci\u00f3n y log\u00edstica en el sector agroindustrial, en el marco de uno de los eventos m\u00e1s importantes del agro uruguayo. <\/p>\n","protected":false},"excerpt":{"rendered":"<p>En el marco de la pr\u00f3xima edici\u00f3n de la Expoactiva Nacional, se llevar\u00e1 a cabo una actividad vinculada a la comunicaci\u00f3n y los agronegocios organizada<\/p>\n","protected":false},"author":1,"featured_media":9084,"comment_status":"closed","ping_status":"open","sticky":false,"template":"","format":"standard","meta":{"advgb_blocks_editor_width":"","advgb_blocks_columns_visual_guide":"","footnotes":"","jetpack_publicize_message":"En el marco de la pr\u00f3xima edici\u00f3n de la Expoactiva Nacional, se llevar\u00e1 a cabo una actividad vinculada a la comunicaci\u00f3n y los agronegocios organizada por la ...Lee la nota completa\ud83d\udc47","jetpack_publicize_feature_enabled":true,"jetpack_social_post_already_shared":false,"jetpack_social_options":{"image_generator_settings":{"template":"highway","default_image_id":0,"font":"","enabled":false},"version":2}},"categories":[28],"tags":[],"class_list":["post-9083","post","type-post","status-publish","format-standard","has-post-thumbnail","hentry","category-de-la-ciudad"],"author_meta":{"display_name":"Portal","author_link":"https:\/\/portaldeyoung.uy\/index.php\/author\/admin_port\/"},"featured_img":"https:\/\/portaldeyoung.uy\/wp-content\/uploads\/2026\/03\/la-sede-300x200.jpg","jetpack_publicize_connections":[],"coauthors":[],"tax_additional":{"categories":{"linked":["<a href=\"https:\/\/portaldeyoung.uy\/index.php\/category\/de-la-ciudad\/\" class=\"advgb-post-tax-term\">De la ciudad<\/a>"],"unlinked":["<span class=\"advgb-post-tax-term\">De la ciudad<\/span>"]}},"comment_count":"0","relative_dates":{"created":"Publicado 2 meses hace","modified":"Actualizado 1 mes hace"},"absolute_dates":{"created":"Publicado el marzo 13, 2026","modified":"Actualizado el marzo 17, 2026"},"absolute_dates_time":{"created":"Publicado el marzo 13, 2026 10:45 am","modified":"Actualizado el marzo 17, 2026 7:58 pm"},"featured_img_caption":"","series_order":"","_links":{"self":[{"href":"https:\/\/portaldeyoung.uy\/index.php\/wp-json\/wp\/v2\/posts\/9083","targetHints":{"allow":["GET"]}}],"collection":[{"href":"https:\/\/portaldeyoung.uy\/index.php\/wp-json\/wp\/v2\/posts"}],"about":[{"href":"https:\/\/portaldeyoung.uy\/index.php\/wp-json\/wp\/v2\/types\/post"}],"author":[{"embeddable":true,"href":"https:\/\/portaldeyoung.uy\/index.php\/wp-json\/wp\/v2\/users\/1"}],"replies":[{"embeddable":true,"href":"https:\/\/portaldeyoung.uy\/index.php\/wp-json\/wp\/v2\/comments?post=9083"}],"version-history":[{"count":3,"href":"https:\/\/portaldeyoung.uy\/index.php\/wp-json\/wp\/v2\/posts\/9083\/revisions"}],"predecessor-version":[{"id":9087,"href":"https:\/\/portaldeyoung.uy\/index.php\/wp-json\/wp\/v2\/posts\/9083\/revisions\/9087"}],"wp:featuredmedia":[{"embeddable":true,"href":"https:\/\/portaldeyoung.uy\/index.php\/wp-json\/wp\/v2\/media\/9084"}],"wp:attachment":[{"href":"https:\/\/portaldeyoung.uy\/index.php\/wp-json\/wp\/v2\/media?parent=9083"}],"wp:term":[{"taxonomy":"category","embeddable":true,"href":"https:\/\/portaldeyoung.uy\/index.php\/wp-json\/wp\/v2\/categories?post=9083"},{"taxonomy":"post_tag","embeddable":true,"href":"https:\/\/portaldeyoung.uy\/index.php\/wp-json\/wp\/v2\/tags?post=9083"}],"curies":[{"name":"wp","href":"https:\/\/api.w.org\/{rel}","templated":true}]}}