{"id":9076,"date":"2026-03-13T10:33:20","date_gmt":"2026-03-13T10:33:20","guid":{"rendered":"https:\/\/portaldeyoung.uy\/?p=9076"},"modified":"2026-03-16T19:19:32","modified_gmt":"2026-03-16T19:19:32","slug":"consulta-de-otorrinolaringologia-en-young-el-proximo-16-de-marzo","status":"publish","type":"post","link":"https:\/\/portaldeyoung.uy\/index.php\/2026\/03\/13\/consulta-de-otorrinolaringologia-en-young-el-proximo-16-de-marzo\/","title":{"rendered":"Consulta de otorrinolaringolog\u00eda en Young el pr\u00f3ximo 16 de marzo"},"content":{"rendered":"\n<p>El equipo de fortalecimiento integral <strong>Fortalecer<\/strong> anunci\u00f3 una nueva jornada de consultas en el \u00e1rea de otorrinolaringolog\u00eda que se realizar\u00e1 el <strong>lunes 16 de marzo<\/strong> en la ciudad de Young.<\/p>\n\n\n\n<p>En la oportunidad atender\u00e1 la <strong>Dra. Sof\u00eda Guggeri<\/strong>, especialista en esta rama de la medicina encargada del diagn\u00f3stico y tratamiento de afecciones relacionadas con el o\u00eddo, la nariz y la garganta.<\/p>\n\n\n\n<p>Desde la organizaci\u00f3n se inform\u00f3 adem\u00e1s que <strong>los trabajadores de LA PROA y socios del Hospital Evang\u00e9lico cuentan con un 10% de descuento<\/strong> en la consulta.<\/p>\n\n\n\n<p>Las personas interesadas en acceder a la atenci\u00f3n m\u00e9dica pueden <strong>reservar hora comunic\u00e1ndose al tel\u00e9fono 099 965 041<\/strong>.<\/p>\n\n\n\n<p>Esta instancia busca facilitar el acceso a consultas especializadas, brindando a los vecinos la posibilidad de realizar controles y tratar diversas afecciones vinculadas a la salud auditiva, nasal y de garganta.<\/p>\n","protected":false},"excerpt":{"rendered":"<p>El equipo de fortalecimiento integral Fortalecer anunci\u00f3 una nueva jornada de consultas en el \u00e1rea de otorrinolaringolog\u00eda que se realizar\u00e1 el lunes 16 de marzo<\/p>\n","protected":false},"author":1,"featured_media":9077,"comment_status":"closed","ping_status":"open","sticky":false,"template":"","format":"standard","meta":{"advgb_blocks_editor_width":"","advgb_blocks_columns_visual_guide":"","footnotes":"","jetpack_publicize_message":"El equipo de fortalecimiento integral Fortalecer anunci\u00f3 una nueva jornada de consultas en el \u00e1rea de otorrinolaringolog\u00eda que se realizar\u00e1 el lunes 16 de marzo en la ciudad de ...Lee la noticia completa\ud83d\udc47","jetpack_publicize_feature_enabled":true,"jetpack_social_post_already_shared":false,"jetpack_social_options":{"image_generator_settings":{"template":"highway","default_image_id":0,"font":"","enabled":false},"version":2}},"categories":[28],"tags":[],"class_list":["post-9076","post","type-post","status-publish","format-standard","has-post-thumbnail","hentry","category-de-la-ciudad"],"author_meta":{"display_name":"Portal","author_link":"https:\/\/portaldeyoung.uy\/index.php\/author\/admin_port\/"},"featured_img":"https:\/\/portaldeyoung.uy\/wp-content\/uploads\/2026\/03\/Auditiva-cady-300x156.jpg","jetpack_publicize_connections":[],"coauthors":[],"tax_additional":{"categories":{"linked":["<a href=\"https:\/\/portaldeyoung.uy\/index.php\/category\/de-la-ciudad\/\" class=\"advgb-post-tax-term\">De la ciudad<\/a>"],"unlinked":["<span class=\"advgb-post-tax-term\">De la ciudad<\/span>"]}},"comment_count":"0","relative_dates":{"created":"Publicado 2 meses hace","modified":"Actualizado 1 mes hace"},"absolute_dates":{"created":"Publicado el marzo 13, 2026","modified":"Actualizado el marzo 16, 2026"},"absolute_dates_time":{"created":"Publicado el marzo 13, 2026 10:33 am","modified":"Actualizado el marzo 16, 2026 7:19 pm"},"featured_img_caption":"","series_order":"","_links":{"self":[{"href":"https:\/\/portaldeyoung.uy\/index.php\/wp-json\/wp\/v2\/posts\/9076","targetHints":{"allow":["GET"]}}],"collection":[{"href":"https:\/\/portaldeyoung.uy\/index.php\/wp-json\/wp\/v2\/posts"}],"about":[{"href":"https:\/\/portaldeyoung.uy\/index.php\/wp-json\/wp\/v2\/types\/post"}],"author":[{"embeddable":true,"href":"https:\/\/portaldeyoung.uy\/index.php\/wp-json\/wp\/v2\/users\/1"}],"replies":[{"embeddable":true,"href":"https:\/\/portaldeyoung.uy\/index.php\/wp-json\/wp\/v2\/comments?post=9076"}],"version-history":[{"count":1,"href":"https:\/\/portaldeyoung.uy\/index.php\/wp-json\/wp\/v2\/posts\/9076\/revisions"}],"predecessor-version":[{"id":9078,"href":"https:\/\/portaldeyoung.uy\/index.php\/wp-json\/wp\/v2\/posts\/9076\/revisions\/9078"}],"wp:featuredmedia":[{"embeddable":true,"href":"https:\/\/portaldeyoung.uy\/index.php\/wp-json\/wp\/v2\/media\/9077"}],"wp:attachment":[{"href":"https:\/\/portaldeyoung.uy\/index.php\/wp-json\/wp\/v2\/media?parent=9076"}],"wp:term":[{"taxonomy":"category","embeddable":true,"href":"https:\/\/portaldeyoung.uy\/index.php\/wp-json\/wp\/v2\/categories?post=9076"},{"taxonomy":"post_tag","embeddable":true,"href":"https:\/\/portaldeyoung.uy\/index.php\/wp-json\/wp\/v2\/tags?post=9076"}],"curies":[{"name":"wp","href":"https:\/\/api.w.org\/{rel}","templated":true}]}}