{"id":9072,"date":"2026-03-13T10:15:52","date_gmt":"2026-03-13T10:15:52","guid":{"rendered":"https:\/\/portaldeyoung.uy\/?p=9072"},"modified":"2026-03-13T10:18:38","modified_gmt":"2026-03-13T10:18:38","slug":"hoy-es-el-primer-vencimiento-para-el-pago-de-la-contribucion-inmobiliaria","status":"publish","type":"post","link":"https:\/\/portaldeyoung.uy\/index.php\/2026\/03\/13\/hoy-es-el-primer-vencimiento-para-el-pago-de-la-contribucion-inmobiliaria\/","title":{"rendered":"Hoy es el primer vencimiento para el pago de la contribuci\u00f3n inmobiliaria"},"content":{"rendered":"\n<p>La Intendencia de R\u00edo Negro comunic\u00f3 a la poblaci\u00f3n el calendario de vencimientos correspondiente a la Contribuci\u00f3n Inmobiliaria Urbana, Suburbana y Enclaves Suburbanos para el ejercicio 2026.<\/p>\n\n\n\n<p>El primer vencimiento es hoy viernes 13 de marzo, fecha en la que tambi\u00e9n finaliza el plazo para realizar el pago contado, modalidad que cuenta con una bonificaci\u00f3n del 10% sobre el total del tributo.<\/p>\n\n\n\n<p>En cuanto al calendario de pagos establecido para este a\u00f1o, la segunda cuota vencer\u00e1 el 12 de junio, la tercera el 18 de setiembre, y la cuarta y \u00faltima cuota el 18 de diciembre.<\/p>\n\n\n\n<p>Desde la Intendencia se recuerda a los contribuyentes que pueden optar por abonar el tributo al contado con el descuento correspondiente, o bien realizar el pago en cuatro cuotas a lo largo del a\u00f1o.<\/p>\n","protected":false},"excerpt":{"rendered":"<p>La Intendencia de R\u00edo Negro comunic\u00f3 a la poblaci\u00f3n el calendario de vencimientos correspondiente a la Contribuci\u00f3n Inmobiliaria Urbana, Suburbana y Enclaves Suburbanos para el<\/p>\n","protected":false},"author":1,"featured_media":4446,"comment_status":"closed","ping_status":"open","sticky":false,"template":"","format":"standard","meta":{"advgb_blocks_editor_width":"","advgb_blocks_columns_visual_guide":"","footnotes":"","jetpack_publicize_message":"El primer vencimiento es hoy viernes 13 de marzo, fecha en la que tambi\u00e9n finaliza el plazo para realizar el pago contado, modalidad que cuenta con ...Lee la nota completa\ud83d\udc47","jetpack_publicize_feature_enabled":true,"jetpack_social_post_already_shared":false,"jetpack_social_options":{"image_generator_settings":{"template":"highway","default_image_id":0,"font":"","enabled":false},"version":2}},"categories":[6],"tags":[],"class_list":["post-9072","post","type-post","status-publish","format-standard","has-post-thumbnail","hentry","category-del-departamento"],"author_meta":{"display_name":"Portal","author_link":"https:\/\/portaldeyoung.uy\/index.php\/author\/admin_port\/"},"featured_img":"https:\/\/portaldeyoung.uy\/wp-content\/uploads\/2025\/10\/Young-aereo-00-300x235.jpg","jetpack_publicize_connections":[],"coauthors":[],"tax_additional":{"categories":{"linked":["<a href=\"https:\/\/portaldeyoung.uy\/index.php\/category\/del-departamento\/\" class=\"advgb-post-tax-term\">Del departamento<\/a>"],"unlinked":["<span class=\"advgb-post-tax-term\">Del departamento<\/span>"]}},"comment_count":"0","relative_dates":{"created":"Publicado 2 meses hace","modified":"Actualizado 2 meses hace"},"absolute_dates":{"created":"Publicado el marzo 13, 2026","modified":"Actualizado el marzo 13, 2026"},"absolute_dates_time":{"created":"Publicado el marzo 13, 2026 10:15 am","modified":"Actualizado el marzo 13, 2026 10:18 am"},"featured_img_caption":"","series_order":"","_links":{"self":[{"href":"https:\/\/portaldeyoung.uy\/index.php\/wp-json\/wp\/v2\/posts\/9072","targetHints":{"allow":["GET"]}}],"collection":[{"href":"https:\/\/portaldeyoung.uy\/index.php\/wp-json\/wp\/v2\/posts"}],"about":[{"href":"https:\/\/portaldeyoung.uy\/index.php\/wp-json\/wp\/v2\/types\/post"}],"author":[{"embeddable":true,"href":"https:\/\/portaldeyoung.uy\/index.php\/wp-json\/wp\/v2\/users\/1"}],"replies":[{"embeddable":true,"href":"https:\/\/portaldeyoung.uy\/index.php\/wp-json\/wp\/v2\/comments?post=9072"}],"version-history":[{"count":1,"href":"https:\/\/portaldeyoung.uy\/index.php\/wp-json\/wp\/v2\/posts\/9072\/revisions"}],"predecessor-version":[{"id":9073,"href":"https:\/\/portaldeyoung.uy\/index.php\/wp-json\/wp\/v2\/posts\/9072\/revisions\/9073"}],"wp:featuredmedia":[{"embeddable":true,"href":"https:\/\/portaldeyoung.uy\/index.php\/wp-json\/wp\/v2\/media\/4446"}],"wp:attachment":[{"href":"https:\/\/portaldeyoung.uy\/index.php\/wp-json\/wp\/v2\/media?parent=9072"}],"wp:term":[{"taxonomy":"category","embeddable":true,"href":"https:\/\/portaldeyoung.uy\/index.php\/wp-json\/wp\/v2\/categories?post=9072"},{"taxonomy":"post_tag","embeddable":true,"href":"https:\/\/portaldeyoung.uy\/index.php\/wp-json\/wp\/v2\/tags?post=9072"}],"curies":[{"name":"wp","href":"https:\/\/api.w.org\/{rel}","templated":true}]}}