{"id":9069,"date":"2026-03-13T10:12:58","date_gmt":"2026-03-13T10:12:58","guid":{"rendered":"https:\/\/portaldeyoung.uy\/?p=9069"},"modified":"2026-03-16T19:20:19","modified_gmt":"2026-03-16T19:20:19","slug":"riego-asfaltico-en-la-localidad-de-bellaco","status":"publish","type":"post","link":"https:\/\/portaldeyoung.uy\/index.php\/2026\/03\/13\/riego-asfaltico-en-la-localidad-de-bellaco\/","title":{"rendered":"Riego asf\u00e1ltico en la localidad de Bellaco"},"content":{"rendered":"\n<p><strong>La Direcci\u00f3n de Obras, contin\u00faa avanzando en el plan de mejoras viales en la localidad de Bellaco, donde ya se han ejecutado importantes trabajos de riego asf\u00e1ltico en la mayor\u00eda de sus calles.<\/strong><\/p>\n\n\n\n<p>Seg\u00fan se inform\u00f3 desde el \u00e1rea, las calles internas de la localidad ya cuentan con doble riego asf\u00e1ltico pr\u00e1cticamente en su totalidad. Actualmente restan algunos detalles menores en determinadas esquinas, donde se estar\u00e1n realizando terminaciones como las denominadas \u201cmedialunas\u201d para mejorar la circulaci\u00f3n y el escurrimiento.<\/p>\n\n\n\n<p>Asimismo, queda pendiente la intervenci\u00f3n en una calle corta ubicada detr\u00e1s del Centro Comunal. Estos trabajos no se hab\u00edan podido realizar anteriormente debido a tareas que se estaban desarrollando en el tanque de agua de la localidad.<\/p>\n\n\n\n<p>En cuanto a la avenida principal de Bellaco, ya se ejecut\u00f3 el primer riego asf\u00e1ltico en toda su extensi\u00f3n. Adem\u00e1s, aproximadamente el 50% de esa arteria ya cuenta con el segundo riego, mientras que en la jornada actual se contin\u00faa trabajando en el restante tramo para completar esa etapa de la obra.<\/p>\n","protected":false},"excerpt":{"rendered":"<p>La Direcci\u00f3n de Obras, contin\u00faa avanzando en el plan de mejoras viales en la localidad de Bellaco, donde ya se han ejecutado importantes trabajos de<\/p>\n","protected":false},"author":1,"featured_media":9070,"comment_status":"closed","ping_status":"open","sticky":false,"template":"","format":"standard","meta":{"advgb_blocks_editor_width":"","advgb_blocks_columns_visual_guide":"","footnotes":"","jetpack_publicize_message":"La Direcci\u00f3n de Obras, contin\u00faa avanzando en el plan de mejoras viales en la localidad de Bellaco, donde ya se han ejecutado importantes trabajos de ...Lee la nota completa\ud83d\udc47","jetpack_publicize_feature_enabled":true,"jetpack_social_post_already_shared":false,"jetpack_social_options":{"image_generator_settings":{"template":"highway","default_image_id":0,"font":"","enabled":false},"version":2}},"categories":[29],"tags":[],"class_list":["post-9069","post","type-post","status-publish","format-standard","has-post-thumbnail","hentry","category-del-territorio"],"author_meta":{"display_name":"Portal","author_link":"https:\/\/portaldeyoung.uy\/index.php\/author\/admin_port\/"},"featured_img":"https:\/\/portaldeyoung.uy\/wp-content\/uploads\/2026\/03\/Obras-bellaco-300x150.jpeg","jetpack_publicize_connections":[],"coauthors":[],"tax_additional":{"categories":{"linked":["<a href=\"https:\/\/portaldeyoung.uy\/index.php\/category\/del-territorio\/\" class=\"advgb-post-tax-term\">Del territorio<\/a>"],"unlinked":["<span class=\"advgb-post-tax-term\">Del territorio<\/span>"]}},"comment_count":"0","relative_dates":{"created":"Publicado 2 meses hace","modified":"Actualizado 1 mes hace"},"absolute_dates":{"created":"Publicado el marzo 13, 2026","modified":"Actualizado el marzo 16, 2026"},"absolute_dates_time":{"created":"Publicado el marzo 13, 2026 10:12 am","modified":"Actualizado el marzo 16, 2026 7:20 pm"},"featured_img_caption":"","series_order":"","_links":{"self":[{"href":"https:\/\/portaldeyoung.uy\/index.php\/wp-json\/wp\/v2\/posts\/9069","targetHints":{"allow":["GET"]}}],"collection":[{"href":"https:\/\/portaldeyoung.uy\/index.php\/wp-json\/wp\/v2\/posts"}],"about":[{"href":"https:\/\/portaldeyoung.uy\/index.php\/wp-json\/wp\/v2\/types\/post"}],"author":[{"embeddable":true,"href":"https:\/\/portaldeyoung.uy\/index.php\/wp-json\/wp\/v2\/users\/1"}],"replies":[{"embeddable":true,"href":"https:\/\/portaldeyoung.uy\/index.php\/wp-json\/wp\/v2\/comments?post=9069"}],"version-history":[{"count":1,"href":"https:\/\/portaldeyoung.uy\/index.php\/wp-json\/wp\/v2\/posts\/9069\/revisions"}],"predecessor-version":[{"id":9071,"href":"https:\/\/portaldeyoung.uy\/index.php\/wp-json\/wp\/v2\/posts\/9069\/revisions\/9071"}],"wp:featuredmedia":[{"embeddable":true,"href":"https:\/\/portaldeyoung.uy\/index.php\/wp-json\/wp\/v2\/media\/9070"}],"wp:attachment":[{"href":"https:\/\/portaldeyoung.uy\/index.php\/wp-json\/wp\/v2\/media?parent=9069"}],"wp:term":[{"taxonomy":"category","embeddable":true,"href":"https:\/\/portaldeyoung.uy\/index.php\/wp-json\/wp\/v2\/categories?post=9069"},{"taxonomy":"post_tag","embeddable":true,"href":"https:\/\/portaldeyoung.uy\/index.php\/wp-json\/wp\/v2\/tags?post=9069"}],"curies":[{"name":"wp","href":"https:\/\/api.w.org\/{rel}","templated":true}]}}