{"id":9039,"date":"2026-03-12T10:45:10","date_gmt":"2026-03-12T10:45:10","guid":{"rendered":"https:\/\/portaldeyoung.uy\/?p=9039"},"modified":"2026-03-16T19:20:30","modified_gmt":"2026-03-16T19:20:30","slug":"inscripciones-abiertas-para-integrar-el-conjunto-kalinka","status":"publish","type":"post","link":"https:\/\/portaldeyoung.uy\/index.php\/2026\/03\/12\/inscripciones-abiertas-para-integrar-el-conjunto-kalinka\/","title":{"rendered":"Inscripciones abiertas para integrar el Conjunto Kalinka"},"content":{"rendered":"\n<p>El Centro Cultural M\u00e1ximo Gorki inform\u00f3 que se encuentran abiertas las <strong>inscripciones y reinscripciones para formar parte del Conjunto Kalinka<\/strong>, agrupaci\u00f3n dedicada a la difusi\u00f3n de la danza y cultura eslava.<\/p>\n\n\n\n<p>De acuerdo a lo anunciado, el per\u00edodo de inscripci\u00f3n se desarrollar\u00e1 <strong>del 9 al 13 de marzo<\/strong>, realiz\u00e1ndose <strong>exclusivamente a trav\u00e9s de WhatsApp<\/strong>. Las personas interesadas deber\u00e1n enviar <strong>nombre completo y edad<\/strong> al n\u00famero <strong>098 273 609<\/strong>.<\/p>\n\n\n\n<p>La convocatoria est\u00e1 dirigida a <strong>ni\u00f1os, j\u00f3venes y adultos desde los 6 a\u00f1os en adelante<\/strong>, y desde la organizaci\u00f3n aclararon que <strong>no es necesario contar con experiencia previa<\/strong> para participar.<\/p>\n\n\n\n<p>Desde el conjunto invitan a la comunidad a sumarse a la propuesta cultural, destacando que se trata de una oportunidad para aprender danzas tradicionales y formar parte de una actividad art\u00edstica colectiva. \u201c<strong>Animate, no hace falta experiencia previa, \u00a1sumate!<\/strong>\u201d, se\u00f1ala la invitaci\u00f3n difundida por el grupo.<\/p>\n","protected":false},"excerpt":{"rendered":"<p>El Centro Cultural M\u00e1ximo Gorki inform\u00f3 que se encuentran abiertas las inscripciones y reinscripciones para formar parte del Conjunto Kalinka, agrupaci\u00f3n dedicada a la difusi\u00f3n<\/p>\n","protected":false},"author":1,"featured_media":9040,"comment_status":"closed","ping_status":"open","sticky":false,"template":"","format":"standard","meta":{"advgb_blocks_editor_width":"","advgb_blocks_columns_visual_guide":"","footnotes":"","jetpack_publicize_message":"De acuerdo a lo anunciado, el per\u00edodo de inscripci\u00f3n se desarrollar\u00e1 del 9 al 13 de marzo, realiz\u00e1ndose exclusivamente a trav\u00e9s de WhatsApp. Las personas interesadas deber\u00e1n enviar nombre completo y ...Lee la nota completa\ud83d\udc47","jetpack_publicize_feature_enabled":true,"jetpack_social_post_already_shared":false,"jetpack_social_options":{"image_generator_settings":{"template":"highway","default_image_id":0,"font":"","enabled":false},"version":2}},"categories":[29],"tags":[],"class_list":["post-9039","post","type-post","status-publish","format-standard","has-post-thumbnail","hentry","category-del-territorio"],"author_meta":{"display_name":"Portal","author_link":"https:\/\/portaldeyoung.uy\/index.php\/author\/admin_port\/"},"featured_img":"https:\/\/portaldeyoung.uy\/wp-content\/uploads\/2026\/03\/Kalinka-00-300x200.jpg","jetpack_publicize_connections":[],"coauthors":[],"tax_additional":{"categories":{"linked":["<a href=\"https:\/\/portaldeyoung.uy\/index.php\/category\/del-territorio\/\" class=\"advgb-post-tax-term\">Del territorio<\/a>"],"unlinked":["<span class=\"advgb-post-tax-term\">Del territorio<\/span>"]}},"comment_count":"0","relative_dates":{"created":"Publicado 2 meses hace","modified":"Actualizado 2 meses hace"},"absolute_dates":{"created":"Publicado el marzo 12, 2026","modified":"Actualizado el marzo 16, 2026"},"absolute_dates_time":{"created":"Publicado el marzo 12, 2026 10:45 am","modified":"Actualizado el marzo 16, 2026 7:20 pm"},"featured_img_caption":"","series_order":"","_links":{"self":[{"href":"https:\/\/portaldeyoung.uy\/index.php\/wp-json\/wp\/v2\/posts\/9039","targetHints":{"allow":["GET"]}}],"collection":[{"href":"https:\/\/portaldeyoung.uy\/index.php\/wp-json\/wp\/v2\/posts"}],"about":[{"href":"https:\/\/portaldeyoung.uy\/index.php\/wp-json\/wp\/v2\/types\/post"}],"author":[{"embeddable":true,"href":"https:\/\/portaldeyoung.uy\/index.php\/wp-json\/wp\/v2\/users\/1"}],"replies":[{"embeddable":true,"href":"https:\/\/portaldeyoung.uy\/index.php\/wp-json\/wp\/v2\/comments?post=9039"}],"version-history":[{"count":1,"href":"https:\/\/portaldeyoung.uy\/index.php\/wp-json\/wp\/v2\/posts\/9039\/revisions"}],"predecessor-version":[{"id":9041,"href":"https:\/\/portaldeyoung.uy\/index.php\/wp-json\/wp\/v2\/posts\/9039\/revisions\/9041"}],"wp:featuredmedia":[{"embeddable":true,"href":"https:\/\/portaldeyoung.uy\/index.php\/wp-json\/wp\/v2\/media\/9040"}],"wp:attachment":[{"href":"https:\/\/portaldeyoung.uy\/index.php\/wp-json\/wp\/v2\/media?parent=9039"}],"wp:term":[{"taxonomy":"category","embeddable":true,"href":"https:\/\/portaldeyoung.uy\/index.php\/wp-json\/wp\/v2\/categories?post=9039"},{"taxonomy":"post_tag","embeddable":true,"href":"https:\/\/portaldeyoung.uy\/index.php\/wp-json\/wp\/v2\/tags?post=9039"}],"curies":[{"name":"wp","href":"https:\/\/api.w.org\/{rel}","templated":true}]}}