{"id":9023,"date":"2026-03-11T14:37:51","date_gmt":"2026-03-11T14:37:51","guid":{"rendered":"https:\/\/portaldeyoung.uy\/?p=9023"},"modified":"2026-03-13T15:52:16","modified_gmt":"2026-03-13T15:52:16","slug":"investigacion-policial-permitio-aclarar-hurto-y-culmino-con-la-condena-del-autor","status":"publish","type":"post","link":"https:\/\/portaldeyoung.uy\/index.php\/2026\/03\/11\/investigacion-policial-permitio-aclarar-hurto-y-culmino-con-la-condena-del-autor\/","title":{"rendered":"Investigaci\u00f3n policial permiti\u00f3 aclarar hurto y culmin\u00f3 con la condena del autor"},"content":{"rendered":"\n<p>Una r\u00e1pida actuaci\u00f3n policial permiti\u00f3 aclarar un hurto ocurrido en una ferreter\u00eda y deriv\u00f3 en la condena del responsable por parte de la Justicia.<\/p>\n\n\n\n<p>El hecho fue denunciado a trav\u00e9s de un llamado a la l\u00ednea de emergencias 911, donde se inform\u00f3 que un individuo hab\u00eda ingresado a una ferreter\u00eda y sustra\u00eddo varias herramientas.<\/p>\n\n\n\n<p>Ante la situaci\u00f3n, personal policial que se encontraba realizando patrullaje preventivo en la zona logr\u00f3 ubicar a un hombre cuyas caracter\u00edsticas coincid\u00edan con las aportadas en la denuncia. Los efectivos procedieron a la detenci\u00f3n de un hombre de 35 a\u00f1os de edad, poseedor de antecedentes penales.<\/p>\n\n\n\n<p>Durante la inspecci\u00f3n de una mochila que llevaba consigo, los polic\u00edas localizaron los objetos denunciados como hurtados, por lo que fueron incautados de inmediato.<\/p>\n\n\n\n<p>Posteriormente, en dependencias policiales, el propietario del comercio radic\u00f3 la denuncia correspondiente. Enterada de lo ocurrido, la fiscal Dra. Legnani dispuso que el detenido permaneciera a disposici\u00f3n de la Justicia.<\/p>\n\n\n\n<p>Tras la audiencia realizada en el Juzgado Letrado de 1er Turno de Young, se resolvi\u00f3 la formalizaci\u00f3n y condena de C. N. S. como autor penalmente responsable de <strong>un delito de hurto en grado de tentativa<\/strong>, imponi\u00e9ndosele la pena de <strong>dos meses de prisi\u00f3n efectiva<\/strong>.<\/p>\n","protected":false},"excerpt":{"rendered":"<p>Una r\u00e1pida actuaci\u00f3n policial permiti\u00f3 aclarar un hurto ocurrido en una ferreter\u00eda y deriv\u00f3 en la condena del responsable por parte de la Justicia. El<\/p>\n","protected":false},"author":1,"featured_media":2822,"comment_status":"closed","ping_status":"open","sticky":false,"template":"","format":"standard","meta":{"advgb_blocks_editor_width":"","advgb_blocks_columns_visual_guide":"","footnotes":"","jetpack_publicize_message":"Posteriormente, en dependencias policiales, el propietario del comercio radic\u00f3 la denuncia correspondiente. Enterada de lo ocurrido, la fiscal Dra. Legnani dispuso que el detenido permaneciera a disposici\u00f3n de la Justicia ...Lee la nota completa\ud83d\udc47","jetpack_publicize_feature_enabled":true,"jetpack_social_post_already_shared":false,"jetpack_social_options":{"image_generator_settings":{"template":"highway","default_image_id":0,"font":"","enabled":false},"version":2}},"categories":[28],"tags":[],"class_list":["post-9023","post","type-post","status-publish","format-standard","has-post-thumbnail","hentry","category-de-la-ciudad"],"author_meta":{"display_name":"Portal","author_link":"https:\/\/portaldeyoung.uy\/index.php\/author\/admin_port\/"},"featured_img":"https:\/\/portaldeyoung.uy\/wp-content\/uploads\/2025\/08\/seccional-sexta-01-300x171.jpg","jetpack_publicize_connections":[],"coauthors":[],"tax_additional":{"categories":{"linked":["<a href=\"https:\/\/portaldeyoung.uy\/index.php\/category\/de-la-ciudad\/\" class=\"advgb-post-tax-term\">De la ciudad<\/a>"],"unlinked":["<span class=\"advgb-post-tax-term\">De la ciudad<\/span>"]}},"comment_count":"0","relative_dates":{"created":"Publicado 2 meses hace","modified":"Actualizado 2 meses hace"},"absolute_dates":{"created":"Publicado el marzo 11, 2026","modified":"Actualizado el marzo 13, 2026"},"absolute_dates_time":{"created":"Publicado el marzo 11, 2026 2:37 pm","modified":"Actualizado el marzo 13, 2026 3:52 pm"},"featured_img_caption":"","series_order":"","_links":{"self":[{"href":"https:\/\/portaldeyoung.uy\/index.php\/wp-json\/wp\/v2\/posts\/9023","targetHints":{"allow":["GET"]}}],"collection":[{"href":"https:\/\/portaldeyoung.uy\/index.php\/wp-json\/wp\/v2\/posts"}],"about":[{"href":"https:\/\/portaldeyoung.uy\/index.php\/wp-json\/wp\/v2\/types\/post"}],"author":[{"embeddable":true,"href":"https:\/\/portaldeyoung.uy\/index.php\/wp-json\/wp\/v2\/users\/1"}],"replies":[{"embeddable":true,"href":"https:\/\/portaldeyoung.uy\/index.php\/wp-json\/wp\/v2\/comments?post=9023"}],"version-history":[{"count":1,"href":"https:\/\/portaldeyoung.uy\/index.php\/wp-json\/wp\/v2\/posts\/9023\/revisions"}],"predecessor-version":[{"id":9024,"href":"https:\/\/portaldeyoung.uy\/index.php\/wp-json\/wp\/v2\/posts\/9023\/revisions\/9024"}],"wp:featuredmedia":[{"embeddable":true,"href":"https:\/\/portaldeyoung.uy\/index.php\/wp-json\/wp\/v2\/media\/2822"}],"wp:attachment":[{"href":"https:\/\/portaldeyoung.uy\/index.php\/wp-json\/wp\/v2\/media?parent=9023"}],"wp:term":[{"taxonomy":"category","embeddable":true,"href":"https:\/\/portaldeyoung.uy\/index.php\/wp-json\/wp\/v2\/categories?post=9023"},{"taxonomy":"post_tag","embeddable":true,"href":"https:\/\/portaldeyoung.uy\/index.php\/wp-json\/wp\/v2\/tags?post=9023"}],"curies":[{"name":"wp","href":"https:\/\/api.w.org\/{rel}","templated":true}]}}