{"id":9014,"date":"2026-03-11T11:12:16","date_gmt":"2026-03-11T11:12:16","guid":{"rendered":"https:\/\/portaldeyoung.uy\/?p=9014"},"modified":"2026-03-13T15:52:22","modified_gmt":"2026-03-13T15:52:22","slug":"director-del-bps-realizara-instancia-abierta-al-publico-en-young","status":"publish","type":"post","link":"https:\/\/portaldeyoung.uy\/index.php\/2026\/03\/11\/director-del-bps-realizara-instancia-abierta-al-publico-en-young\/","title":{"rendered":"Director del BPS realizar\u00e1 instancia abierta al p\u00fablico en Young"},"content":{"rendered":"\n<p>El director del Banco de Previsi\u00f3n Social, Jos\u00e9 Pereyra, participar\u00e1 en una instancia abierta al p\u00fablico en la ciudad de Young, donde recibir\u00e1 consultas y planteos de los ciudadanos.<\/p>\n\n\n\n<p>La actividad, denominada <strong>\u201cMano a mano con el director del BPS\u201d<\/strong>, se llevar\u00e1 a cabo el <strong>jueves 12 a las 12:00 horas<\/strong> en el <strong>Centro Socio Cultural<\/strong>, ubicado en <strong>18 de Julio casi Salto<\/strong>.<\/p>\n\n\n\n<p>Seg\u00fan se inform\u00f3 en la convocatoria, el encuentro est\u00e1 planteado como un espacio abierto para que vecinos puedan realizar consultas y plantear inquietudes vinculadas a temas del organismo previsional.<\/p>\n\n\n\n<p>La instancia forma parte de una serie de encuentros con la ciudadan\u00eda que se vienen realizando en distintos puntos del departamento de R\u00edo Negro.<\/p>\n","protected":false},"excerpt":{"rendered":"<p>El director del Banco de Previsi\u00f3n Social, Jos\u00e9 Pereyra, participar\u00e1 en una instancia abierta al p\u00fablico en la ciudad de Young, donde recibir\u00e1 consultas y<\/p>\n","protected":false},"author":1,"featured_media":3004,"comment_status":"closed","ping_status":"open","sticky":false,"template":"","format":"standard","meta":{"advgb_blocks_editor_width":"","advgb_blocks_columns_visual_guide":"","footnotes":"","jetpack_publicize_message":"El director del Banco de Previsi\u00f3n Social, Jos\u00e9 Pereyra, participar\u00e1 en una instancia abierta al p\u00fablico en la ciudad de Young, donde recibir\u00e1 consultas y ...Lee la nota completa\ud83d\udc47","jetpack_publicize_feature_enabled":true,"jetpack_social_post_already_shared":false,"jetpack_social_options":{"image_generator_settings":{"template":"highway","default_image_id":0,"font":"","enabled":false},"version":2}},"categories":[28],"tags":[],"class_list":["post-9014","post","type-post","status-publish","format-standard","has-post-thumbnail","hentry","category-de-la-ciudad"],"author_meta":{"display_name":"Portal","author_link":"https:\/\/portaldeyoung.uy\/index.php\/author\/admin_port\/"},"featured_img":"https:\/\/portaldeyoung.uy\/wp-content\/uploads\/2025\/09\/BPS-300x200.jpg","jetpack_publicize_connections":[],"coauthors":[],"tax_additional":{"categories":{"linked":["<a href=\"https:\/\/portaldeyoung.uy\/index.php\/category\/de-la-ciudad\/\" class=\"advgb-post-tax-term\">De la ciudad<\/a>"],"unlinked":["<span class=\"advgb-post-tax-term\">De la ciudad<\/span>"]}},"comment_count":"0","relative_dates":{"created":"Publicado 2 meses hace","modified":"Actualizado 2 meses hace"},"absolute_dates":{"created":"Publicado el marzo 11, 2026","modified":"Actualizado el marzo 13, 2026"},"absolute_dates_time":{"created":"Publicado el marzo 11, 2026 11:12 am","modified":"Actualizado el marzo 13, 2026 3:52 pm"},"featured_img_caption":"","series_order":"","_links":{"self":[{"href":"https:\/\/portaldeyoung.uy\/index.php\/wp-json\/wp\/v2\/posts\/9014","targetHints":{"allow":["GET"]}}],"collection":[{"href":"https:\/\/portaldeyoung.uy\/index.php\/wp-json\/wp\/v2\/posts"}],"about":[{"href":"https:\/\/portaldeyoung.uy\/index.php\/wp-json\/wp\/v2\/types\/post"}],"author":[{"embeddable":true,"href":"https:\/\/portaldeyoung.uy\/index.php\/wp-json\/wp\/v2\/users\/1"}],"replies":[{"embeddable":true,"href":"https:\/\/portaldeyoung.uy\/index.php\/wp-json\/wp\/v2\/comments?post=9014"}],"version-history":[{"count":1,"href":"https:\/\/portaldeyoung.uy\/index.php\/wp-json\/wp\/v2\/posts\/9014\/revisions"}],"predecessor-version":[{"id":9015,"href":"https:\/\/portaldeyoung.uy\/index.php\/wp-json\/wp\/v2\/posts\/9014\/revisions\/9015"}],"wp:featuredmedia":[{"embeddable":true,"href":"https:\/\/portaldeyoung.uy\/index.php\/wp-json\/wp\/v2\/media\/3004"}],"wp:attachment":[{"href":"https:\/\/portaldeyoung.uy\/index.php\/wp-json\/wp\/v2\/media?parent=9014"}],"wp:term":[{"taxonomy":"category","embeddable":true,"href":"https:\/\/portaldeyoung.uy\/index.php\/wp-json\/wp\/v2\/categories?post=9014"},{"taxonomy":"post_tag","embeddable":true,"href":"https:\/\/portaldeyoung.uy\/index.php\/wp-json\/wp\/v2\/tags?post=9014"}],"curies":[{"name":"wp","href":"https:\/\/api.w.org\/{rel}","templated":true}]}}