{"id":8985,"date":"2026-03-10T15:57:16","date_gmt":"2026-03-10T15:57:16","guid":{"rendered":"https:\/\/portaldeyoung.uy\/?p=8985"},"modified":"2026-03-13T15:52:37","modified_gmt":"2026-03-13T15:52:37","slug":"incendio-destruyo-una-cosechadora-en-establecimiento-rural","status":"publish","type":"post","link":"https:\/\/portaldeyoung.uy\/index.php\/2026\/03\/10\/incendio-destruyo-una-cosechadora-en-establecimiento-rural\/","title":{"rendered":"Incendio destruy\u00f3 una cosechadora en establecimiento rural"},"content":{"rendered":"\n<p>Un incendio provoc\u00f3 la p\u00e9rdida total de una maquinaria agr\u00edcola en un establecimiento rural de lanuestra zona, seg\u00fan inform\u00f3 la Polic\u00eda tras una intervenci\u00f3n realizada luego de un llamado al servicio de emergencias 911. Intevinieron funcionarios policiales de la seccional de Paso de la Cruz.<\/p>\n\n\n\n<p>De acuerdo a la informaci\u00f3n recabada, personal policial fue comisionado al lugar tras recibirse una comunicaci\u00f3n alertando sobre la presencia de un foco \u00edgneo. Una vez en el establecimiento, los efectivos constataron que el incendio afectaba a una cosechadora que se encontraba en el predio.<\/p>\n\n\n\n<p>Entrevistado en el lugar, el conductor de la maquinaria manifest\u00f3 que estaba realizando tareas de cosecha cuando comenz\u00f3 a observar humo proveniente de la m\u00e1quina. En ese momento se dirigi\u00f3 a buscar un extintor, pero al regresar constat\u00f3 que el veh\u00edculo ya hab\u00eda tomado fuego.<\/p>\n\n\n\n<p>Hasta el lugar tambi\u00e9n concurri\u00f3 personal del destacamento de Bomberos de la ciudad de Young, quienes trabajaron en el lugar logrando controlar el foco \u00edgneo.<\/p>\n\n\n\n<p>Las p\u00e9rdidas fueron estimadas en unos 180.000 d\u00f3lares estadounidenses. La maquinaria contaba con seguro del Banco de Seguros del Estado (BSE).<\/p>\n","protected":false},"excerpt":{"rendered":"<p>Un incendio provoc\u00f3 la p\u00e9rdida total de una maquinaria agr\u00edcola en un establecimiento rural de lanuestra zona, seg\u00fan inform\u00f3 la Polic\u00eda tras una intervenci\u00f3n realizada<\/p>\n","protected":false},"author":1,"featured_media":4674,"comment_status":"closed","ping_status":"open","sticky":false,"template":"","format":"standard","meta":{"advgb_blocks_editor_width":"","advgb_blocks_columns_visual_guide":"","footnotes":"","jetpack_publicize_message":"Un incendio provoc\u00f3 la p\u00e9rdida total de una maquinaria agr\u00edcola en un establecimiento rural de lanuestra zona, seg\u00fan inform\u00f3 la Polic\u00eda tras ...Lee la nota completa\ud83d\udc47","jetpack_publicize_feature_enabled":true,"jetpack_social_post_already_shared":false,"jetpack_social_options":{"image_generator_settings":{"template":"highway","default_image_id":0,"font":"","enabled":false},"version":2}},"categories":[29],"tags":[],"class_list":["post-8985","post","type-post","status-publish","format-standard","has-post-thumbnail","hentry","category-del-territorio"],"author_meta":{"display_name":"Portal","author_link":"https:\/\/portaldeyoung.uy\/index.php\/author\/admin_port\/"},"featured_img":"https:\/\/portaldeyoung.uy\/wp-content\/uploads\/2025\/10\/bomberos-300x225.jpg","jetpack_publicize_connections":[],"coauthors":[],"tax_additional":{"categories":{"linked":["<a href=\"https:\/\/portaldeyoung.uy\/index.php\/category\/del-territorio\/\" class=\"advgb-post-tax-term\">Del territorio<\/a>"],"unlinked":["<span class=\"advgb-post-tax-term\">Del territorio<\/span>"]}},"comment_count":"0","relative_dates":{"created":"Publicado 2 meses hace","modified":"Actualizado 2 meses hace"},"absolute_dates":{"created":"Publicado el marzo 10, 2026","modified":"Actualizado el marzo 13, 2026"},"absolute_dates_time":{"created":"Publicado el marzo 10, 2026 3:57 pm","modified":"Actualizado el marzo 13, 2026 3:52 pm"},"featured_img_caption":"","series_order":"","_links":{"self":[{"href":"https:\/\/portaldeyoung.uy\/index.php\/wp-json\/wp\/v2\/posts\/8985","targetHints":{"allow":["GET"]}}],"collection":[{"href":"https:\/\/portaldeyoung.uy\/index.php\/wp-json\/wp\/v2\/posts"}],"about":[{"href":"https:\/\/portaldeyoung.uy\/index.php\/wp-json\/wp\/v2\/types\/post"}],"author":[{"embeddable":true,"href":"https:\/\/portaldeyoung.uy\/index.php\/wp-json\/wp\/v2\/users\/1"}],"replies":[{"embeddable":true,"href":"https:\/\/portaldeyoung.uy\/index.php\/wp-json\/wp\/v2\/comments?post=8985"}],"version-history":[{"count":1,"href":"https:\/\/portaldeyoung.uy\/index.php\/wp-json\/wp\/v2\/posts\/8985\/revisions"}],"predecessor-version":[{"id":8986,"href":"https:\/\/portaldeyoung.uy\/index.php\/wp-json\/wp\/v2\/posts\/8985\/revisions\/8986"}],"wp:featuredmedia":[{"embeddable":true,"href":"https:\/\/portaldeyoung.uy\/index.php\/wp-json\/wp\/v2\/media\/4674"}],"wp:attachment":[{"href":"https:\/\/portaldeyoung.uy\/index.php\/wp-json\/wp\/v2\/media?parent=8985"}],"wp:term":[{"taxonomy":"category","embeddable":true,"href":"https:\/\/portaldeyoung.uy\/index.php\/wp-json\/wp\/v2\/categories?post=8985"},{"taxonomy":"post_tag","embeddable":true,"href":"https:\/\/portaldeyoung.uy\/index.php\/wp-json\/wp\/v2\/tags?post=8985"}],"curies":[{"name":"wp","href":"https:\/\/api.w.org\/{rel}","templated":true}]}}