{"id":8974,"date":"2026-03-10T09:55:09","date_gmt":"2026-03-10T09:55:09","guid":{"rendered":"https:\/\/portaldeyoung.uy\/?p=8974"},"modified":"2026-03-12T12:06:43","modified_gmt":"2026-03-12T12:06:43","slug":"jefatura-de-policia-ilumino-de-azul-su-edificio-en-recuerdo-de-policias-caidos-en-acto-de-servicio","status":"publish","type":"post","link":"https:\/\/portaldeyoung.uy\/index.php\/2026\/03\/10\/jefatura-de-policia-ilumino-de-azul-su-edificio-en-recuerdo-de-policias-caidos-en-acto-de-servicio\/","title":{"rendered":"Jefatura de Policia ilumin\u00f3 de azul su edificio en recuerdo de polic\u00edas ca\u00eddos en acto de servicio"},"content":{"rendered":"\n<p>Uruguay se sum\u00f3 por primera vez a la campa\u00f1a internacional <strong>\u201cEn memoria de los polic\u00edas ca\u00eddos en acto de servicio\u201d<\/strong>, una iniciativa promovida por <strong>Interpol<\/strong> que tiene como finalidad rendir tributo a los efectivos policiales que fallecieron mientras cumpl\u00edan con su labor.<\/p>\n\n\n\n<p>En este contexto, la <strong>Jefatura de Polic\u00eda de R\u00edo Negro<\/strong> particip\u00f3 de la conmemoraci\u00f3n iluminando de <strong>color azul<\/strong> la fachada de su sede central, adhiri\u00e9ndose as\u00ed a este gesto simb\u00f3lico que se llev\u00f3 adelante en diferentes dependencias policiales tanto del pa\u00eds como del resto del mundo.<\/p>\n\n\n\n<p>La actividad, que se extendi\u00f3 hasta el <strong>7 de marzo<\/strong>, forma parte de una campa\u00f1a de alcance global orientada a recordar a los funcionarios policiales que perdieron la vida en servicio, al tiempo que busca poner en valor los riesgos que enfrentan diariamente quienes integran las fuerzas de seguridad.<\/p>\n\n\n\n<p>En Uruguay, la iniciativa tambi\u00e9n incluy\u00f3 la iluminaci\u00f3n en azul de la sede principal del <strong>Ministerio del Interior<\/strong>, diversas unidades policiales y el <strong>Palacio Legislativo<\/strong>, como se\u00f1al de homenaje y reconocimiento a los efectivos fallecidos en el cumplimiento de su deber.<\/p>\n\n\n\n<p>A nivel internacional, la campa\u00f1a cont\u00f3 con la adhesi\u00f3n de numerosos pa\u00edses, donde se realizaron actos recordatorios, se iluminaron edificios y monumentos emblem\u00e1ticos y se difundieron mensajes de reconocimiento hacia la tarea que desempe\u00f1an los cuerpos policiales.<\/p>\n\n\n\n<p>De esta forma, la comunidad policial a nivel mundial renov\u00f3 su compromiso de <strong>preservar el recuerdo de quienes perdieron la vida en servicio<\/strong>, resaltando el valor, la entrega y la vocaci\u00f3n que caracterizan a la funci\u00f3n policial.<\/p>\n","protected":false},"excerpt":{"rendered":"<p>Uruguay se sum\u00f3 por primera vez a la campa\u00f1a internacional \u201cEn memoria de los polic\u00edas ca\u00eddos en acto de servicio\u201d, una iniciativa promovida por Interpol<\/p>\n","protected":false},"author":1,"featured_media":8975,"comment_status":"closed","ping_status":"open","sticky":false,"template":"","format":"standard","meta":{"advgb_blocks_editor_width":"","advgb_blocks_columns_visual_guide":"","footnotes":"","jetpack_publicize_message":"Uruguay se sum\u00f3 por primera vez a la campa\u00f1a internacional \u201cEn memoria de los polic\u00edas ca\u00eddos en acto de servicio\u201d, una iniciativa promovida por ...Lee la nota completa\ud83d\udc47","jetpack_publicize_feature_enabled":true,"jetpack_social_post_already_shared":false,"jetpack_social_options":{"image_generator_settings":{"template":"highway","default_image_id":0,"font":"","enabled":false},"version":2}},"categories":[29],"tags":[],"class_list":["post-8974","post","type-post","status-publish","format-standard","has-post-thumbnail","hentry","category-del-territorio"],"author_meta":{"display_name":"Portal","author_link":"https:\/\/portaldeyoung.uy\/index.php\/author\/admin_port\/"},"featured_img":"https:\/\/portaldeyoung.uy\/wp-content\/uploads\/2026\/03\/Jefatura-de-azul-300x226.jpeg","jetpack_publicize_connections":[],"coauthors":[],"tax_additional":{"categories":{"linked":["<a href=\"https:\/\/portaldeyoung.uy\/index.php\/category\/del-territorio\/\" class=\"advgb-post-tax-term\">Del territorio<\/a>"],"unlinked":["<span class=\"advgb-post-tax-term\">Del territorio<\/span>"]}},"comment_count":"0","relative_dates":{"created":"Publicado 2 meses hace","modified":"Actualizado 2 meses hace"},"absolute_dates":{"created":"Publicado el marzo 10, 2026","modified":"Actualizado el marzo 12, 2026"},"absolute_dates_time":{"created":"Publicado el marzo 10, 2026 9:55 am","modified":"Actualizado el marzo 12, 2026 12:06 pm"},"featured_img_caption":"","series_order":"","_links":{"self":[{"href":"https:\/\/portaldeyoung.uy\/index.php\/wp-json\/wp\/v2\/posts\/8974","targetHints":{"allow":["GET"]}}],"collection":[{"href":"https:\/\/portaldeyoung.uy\/index.php\/wp-json\/wp\/v2\/posts"}],"about":[{"href":"https:\/\/portaldeyoung.uy\/index.php\/wp-json\/wp\/v2\/types\/post"}],"author":[{"embeddable":true,"href":"https:\/\/portaldeyoung.uy\/index.php\/wp-json\/wp\/v2\/users\/1"}],"replies":[{"embeddable":true,"href":"https:\/\/portaldeyoung.uy\/index.php\/wp-json\/wp\/v2\/comments?post=8974"}],"version-history":[{"count":1,"href":"https:\/\/portaldeyoung.uy\/index.php\/wp-json\/wp\/v2\/posts\/8974\/revisions"}],"predecessor-version":[{"id":8976,"href":"https:\/\/portaldeyoung.uy\/index.php\/wp-json\/wp\/v2\/posts\/8974\/revisions\/8976"}],"wp:featuredmedia":[{"embeddable":true,"href":"https:\/\/portaldeyoung.uy\/index.php\/wp-json\/wp\/v2\/media\/8975"}],"wp:attachment":[{"href":"https:\/\/portaldeyoung.uy\/index.php\/wp-json\/wp\/v2\/media?parent=8974"}],"wp:term":[{"taxonomy":"category","embeddable":true,"href":"https:\/\/portaldeyoung.uy\/index.php\/wp-json\/wp\/v2\/categories?post=8974"},{"taxonomy":"post_tag","embeddable":true,"href":"https:\/\/portaldeyoung.uy\/index.php\/wp-json\/wp\/v2\/tags?post=8974"}],"curies":[{"name":"wp","href":"https:\/\/api.w.org\/{rel}","templated":true}]}}