{"id":8971,"date":"2026-03-10T09:32:51","date_gmt":"2026-03-10T09:32:51","guid":{"rendered":"https:\/\/portaldeyoung.uy\/?p=8971"},"modified":"2026-03-10T12:54:47","modified_gmt":"2026-03-10T12:54:47","slug":"young-con-paysandu-en-los-cuartos-de-final-de-la-copa-de-selecciones-de-ofi-sub-18","status":"publish","type":"post","link":"https:\/\/portaldeyoung.uy\/index.php\/2026\/03\/10\/young-con-paysandu-en-los-cuartos-de-final-de-la-copa-de-selecciones-de-ofi-sub-18\/","title":{"rendered":"Young con Paysand\u00fa en los cuartos de final de la copa de selecciones de OFI  Sub 18"},"content":{"rendered":"\n<p>La selecci\u00f3n <strong>Sub 18 de Young<\/strong>, campeona del Litoral, ya conoce a su pr\u00f3ximo rival en la <strong>Copa Nacional de Selecciones de OFI<\/strong>. El combinado albirrojo deber\u00e1 enfrentar en <strong>cuartos de final a Paysand\u00fa Capital<\/strong>, que llega a esta instancia tras consagrarse <strong>vicecampe\u00f3n de la Confederaci\u00f3n del Litoral Norte<\/strong>.El partido se juega \u00e9ste domingo desde la hora 17:00, en la capital sanducera. <\/p>\n\n\n\n<p>El equipo juvenil de Young alcanz\u00f3 esta fase luego de obtener el t\u00edtulo del Litoral, mientras que la \u201cblanca sanducera\u201d buscar\u00e1 avanzar a semifinales en un cruce que promete gran expectativa entre dos selecciones  del f\u00fatbol del litoral.<\/p>\n\n\n\n<p>Los <strong>otros enfrentamientos en la categor\u00eda Sub 18<\/strong> tambi\u00e9n ya quedaron definidos:<\/p>\n\n\n\n<p>\u26bd <strong>Salto vs Maldonado<\/strong><br>\u26bd <strong>Federaci\u00f3n de Colonia vs Mercedes<\/strong><br>\u26bd <strong>Cerro Largo vs Flores<\/strong><\/p>\n\n\n\n<h3 class=\"wp-block-heading\">Cruces en categor\u00eda Absoluta<\/h3>\n\n\n\n<p>Por otra parte, tambi\u00e9n se confirmaron los partidos correspondientes a los <strong>cuartos de final en la categor\u00eda absoluta<\/strong>, que se disputar\u00e1n durante el pr\u00f3ximo fin de semana:<\/p>\n\n\n\n<p>\ud83d\udcc5 <strong>S\u00e1bado 14<\/strong><br>\u26bd <strong>Nueva Palmira vs Durazno Capital<\/strong><br>\ud83c\udfdf Estadio Irineo Brito (Nueva Palmira)<br>\ud83d\udd52 19:45 horas<\/p>\n\n\n\n<p>\u26bd <strong>Colonia Capital vs Maldonado Capital<\/strong><br>\ud83c\udfdf Estadio Alberto Supicci<br>\ud83d\udd52 22:00 horas<\/p>\n\n\n\n<p>\ud83d\udcc5 <strong>Domingo 15<\/strong><br>\u26bd <strong>Paysand\u00fa Capital vs Fray Bentos<\/strong><br>\ud83c\udfdf Estadio Artigas (Paysand\u00fa)<br>\ud83d\udd52 19:45 horas<\/p>\n\n\n\n<p>\u26bd <strong>Maldonado Interior vs Salto Capital<\/strong><br>\ud83c\udfdf Estadio Julio C. Abbadie (Pan de Az\u00facar)<br>\ud83d\udd52 22:00 horas<\/p>\n\n\n\n<p>De esta manera, la <strong>Copa Nacional de Selecciones de OFI<\/strong> entra en una etapa decisiva, con los mejores equipos del interior del pa\u00eds buscando un lugar en las semifinales del tradicional torneo. En el caso de Young, la ilusi\u00f3n estar\u00e1 puesta en continuar avanzando con su selecci\u00f3n juvenil, que viene de una destacada campa\u00f1a en el Litoral. \u26bd<\/p>\n","protected":false},"excerpt":{"rendered":"<p>La selecci\u00f3n Sub 18 de Young, campeona del Litoral, ya conoce a su pr\u00f3ximo rival en la Copa Nacional de Selecciones de OFI. El combinado<\/p>\n","protected":false},"author":1,"featured_media":8902,"comment_status":"closed","ping_status":"open","sticky":false,"template":"","format":"standard","meta":{"advgb_blocks_editor_width":"","advgb_blocks_columns_visual_guide":"","footnotes":"","jetpack_publicize_message":"La selecci\u00f3n Sub 18 de Young, campeona del Litoral, ya conoce a su pr\u00f3ximo rival en la Copa Nacional de Selecciones de OFI. El combinado albirrojo deber\u00e1 enfrentar en ...Lee la nota completa\ud83d\udc47","jetpack_publicize_feature_enabled":true,"jetpack_social_post_already_shared":false,"jetpack_social_options":{"image_generator_settings":{"template":"highway","default_image_id":0,"font":"","enabled":false},"version":2}},"categories":[5],"tags":[],"class_list":["post-8971","post","type-post","status-publish","format-standard","has-post-thumbnail","hentry","category-de-la-tribuna"],"author_meta":{"display_name":"Portal","author_link":"https:\/\/portaldeyoung.uy\/index.php\/author\/admin_port\/"},"featured_img":"https:\/\/portaldeyoung.uy\/wp-content\/uploads\/2026\/03\/Young-campeon-del-litoral-sub-18-300x200.jpg","jetpack_publicize_connections":[],"coauthors":[],"tax_additional":{"categories":{"linked":["<a href=\"https:\/\/portaldeyoung.uy\/index.php\/category\/de-la-tribuna\/\" class=\"advgb-post-tax-term\">De la tribuna<\/a>"],"unlinked":["<span class=\"advgb-post-tax-term\">De la tribuna<\/span>"]}},"comment_count":"0","relative_dates":{"created":"Publicado 2 meses hace","modified":"Actualizado 2 meses hace"},"absolute_dates":{"created":"Publicado el marzo 10, 2026","modified":"Actualizado el marzo 10, 2026"},"absolute_dates_time":{"created":"Publicado el marzo 10, 2026 9:32 am","modified":"Actualizado el marzo 10, 2026 12:54 pm"},"featured_img_caption":"","series_order":"","_links":{"self":[{"href":"https:\/\/portaldeyoung.uy\/index.php\/wp-json\/wp\/v2\/posts\/8971","targetHints":{"allow":["GET"]}}],"collection":[{"href":"https:\/\/portaldeyoung.uy\/index.php\/wp-json\/wp\/v2\/posts"}],"about":[{"href":"https:\/\/portaldeyoung.uy\/index.php\/wp-json\/wp\/v2\/types\/post"}],"author":[{"embeddable":true,"href":"https:\/\/portaldeyoung.uy\/index.php\/wp-json\/wp\/v2\/users\/1"}],"replies":[{"embeddable":true,"href":"https:\/\/portaldeyoung.uy\/index.php\/wp-json\/wp\/v2\/comments?post=8971"}],"version-history":[{"count":3,"href":"https:\/\/portaldeyoung.uy\/index.php\/wp-json\/wp\/v2\/posts\/8971\/revisions"}],"predecessor-version":[{"id":8984,"href":"https:\/\/portaldeyoung.uy\/index.php\/wp-json\/wp\/v2\/posts\/8971\/revisions\/8984"}],"wp:featuredmedia":[{"embeddable":true,"href":"https:\/\/portaldeyoung.uy\/index.php\/wp-json\/wp\/v2\/media\/8902"}],"wp:attachment":[{"href":"https:\/\/portaldeyoung.uy\/index.php\/wp-json\/wp\/v2\/media?parent=8971"}],"wp:term":[{"taxonomy":"category","embeddable":true,"href":"https:\/\/portaldeyoung.uy\/index.php\/wp-json\/wp\/v2\/categories?post=8971"},{"taxonomy":"post_tag","embeddable":true,"href":"https:\/\/portaldeyoung.uy\/index.php\/wp-json\/wp\/v2\/tags?post=8971"}],"curies":[{"name":"wp","href":"https:\/\/api.w.org\/{rel}","templated":true}]}}