{"id":8968,"date":"2026-03-10T09:05:07","date_gmt":"2026-03-10T09:05:07","guid":{"rendered":"https:\/\/portaldeyoung.uy\/?p=8968"},"modified":"2026-03-12T12:06:51","modified_gmt":"2026-03-12T12:06:51","slug":"centro-diurno-para-jubilados-y-pensionistas-en-la-capital-del-departamento","status":"publish","type":"post","link":"https:\/\/portaldeyoung.uy\/index.php\/2026\/03\/10\/centro-diurno-para-jubilados-y-pensionistas-en-la-capital-del-departamento\/","title":{"rendered":"Centro diurno para jubilados y pensionistas en la capital del departamento"},"content":{"rendered":"\n<p><strong>A mediados de marzo comenzar\u00e1 a funcionar en la sede de la Asociaci\u00f3n de Industria y Comercio un Centro Diurno destinado a jubilados y pensionistas en Fray Bentos.<\/strong><\/p>\n\n\n\n<p>El espacio ofrecer\u00e1 un lugar de encuentro, contenci\u00f3n y socializaci\u00f3n, promoviendo actividades que favorezcan el bienestar emocional, la actividad f\u00edsica y la integraci\u00f3n social.<\/p>\n\n\n\n<p>La iniciativa es coordinada por la Intendencia de R\u00edo Negro, el Ministerio de Desarrollo Social y la Organizaci\u00f3n Nacional de Jubilados y Pensionistas del Uruguay. Durante el anuncio, el intendente de R\u00edo Negro, Arq. Guillermo Levratto, destac\u00f3 la importancia de generar \u00e1mbitos de participaci\u00f3n para las personas mayores y se\u00f1al\u00f3 que la concreci\u00f3n del centro diurno era un objetivo que se ven\u00eda trabajando desde hace tiempo.<\/p>\n\n\n\n<p>Por su parte, la presidenta de la Asociaci\u00f3n, Susana Rivero, valor\u00f3 la puesta en marcha de esta propuesta, subrayando que contribuir\u00e1 a acompa\u00f1ar a los adultos mayores, especialmente frente a situaciones de soledad no deseada.<\/p>\n\n\n\n<p>Adem\u00e1s de funcionar en la sede de la Asociaci\u00f3n, el Centro Diurno tambi\u00e9n desarrollar\u00e1 actividades de forma rotativa en los cinco n\u00facleos de viviendas de jubilados, acercando propuestas a distintos puntos de la ciudad.<\/p>\n\n\n\n<p><em>*IRN<\/em><\/p>\n","protected":false},"excerpt":{"rendered":"<p>A mediados de marzo comenzar\u00e1 a funcionar en la sede de la Asociaci\u00f3n de Industria y Comercio un Centro Diurno destinado a jubilados y pensionistas<\/p>\n","protected":false},"author":1,"featured_media":8969,"comment_status":"closed","ping_status":"open","sticky":false,"template":"","format":"standard","meta":{"advgb_blocks_editor_width":"","advgb_blocks_columns_visual_guide":"","footnotes":"","jetpack_publicize_message":"La iniciativa es coordinada por la Intendencia de R\u00edo Negro, el Ministerio de Desarrollo Social y la Organizaci\u00f3n Nacional de Jubilados y Pensionistas del Uruguay. Durante el anuncio, el intendente de R\u00edo Negro, Arq. Guillermo Levratto, destac\u00f3 la ...Lee la nota completa\ud83d\udc47","jetpack_publicize_feature_enabled":true,"jetpack_social_post_already_shared":false,"jetpack_social_options":{"image_generator_settings":{"template":"highway","default_image_id":0,"font":"","enabled":false},"version":2}},"categories":[29],"tags":[],"class_list":["post-8968","post","type-post","status-publish","format-standard","has-post-thumbnail","hentry","category-del-territorio"],"author_meta":{"display_name":"Portal","author_link":"https:\/\/portaldeyoung.uy\/index.php\/author\/admin_port\/"},"featured_img":"https:\/\/portaldeyoung.uy\/wp-content\/uploads\/2026\/03\/Centro-diurno-jubilados-300x168.jpeg","jetpack_publicize_connections":[],"coauthors":[],"tax_additional":{"categories":{"linked":["<a href=\"https:\/\/portaldeyoung.uy\/index.php\/category\/del-territorio\/\" class=\"advgb-post-tax-term\">Del territorio<\/a>"],"unlinked":["<span class=\"advgb-post-tax-term\">Del territorio<\/span>"]}},"comment_count":"0","relative_dates":{"created":"Publicado 2 meses hace","modified":"Actualizado 2 meses hace"},"absolute_dates":{"created":"Publicado el marzo 10, 2026","modified":"Actualizado el marzo 12, 2026"},"absolute_dates_time":{"created":"Publicado el marzo 10, 2026 9:05 am","modified":"Actualizado el marzo 12, 2026 12:06 pm"},"featured_img_caption":"","series_order":"","_links":{"self":[{"href":"https:\/\/portaldeyoung.uy\/index.php\/wp-json\/wp\/v2\/posts\/8968","targetHints":{"allow":["GET"]}}],"collection":[{"href":"https:\/\/portaldeyoung.uy\/index.php\/wp-json\/wp\/v2\/posts"}],"about":[{"href":"https:\/\/portaldeyoung.uy\/index.php\/wp-json\/wp\/v2\/types\/post"}],"author":[{"embeddable":true,"href":"https:\/\/portaldeyoung.uy\/index.php\/wp-json\/wp\/v2\/users\/1"}],"replies":[{"embeddable":true,"href":"https:\/\/portaldeyoung.uy\/index.php\/wp-json\/wp\/v2\/comments?post=8968"}],"version-history":[{"count":1,"href":"https:\/\/portaldeyoung.uy\/index.php\/wp-json\/wp\/v2\/posts\/8968\/revisions"}],"predecessor-version":[{"id":8970,"href":"https:\/\/portaldeyoung.uy\/index.php\/wp-json\/wp\/v2\/posts\/8968\/revisions\/8970"}],"wp:featuredmedia":[{"embeddable":true,"href":"https:\/\/portaldeyoung.uy\/index.php\/wp-json\/wp\/v2\/media\/8969"}],"wp:attachment":[{"href":"https:\/\/portaldeyoung.uy\/index.php\/wp-json\/wp\/v2\/media?parent=8968"}],"wp:term":[{"taxonomy":"category","embeddable":true,"href":"https:\/\/portaldeyoung.uy\/index.php\/wp-json\/wp\/v2\/categories?post=8968"},{"taxonomy":"post_tag","embeddable":true,"href":"https:\/\/portaldeyoung.uy\/index.php\/wp-json\/wp\/v2\/tags?post=8968"}],"curies":[{"name":"wp","href":"https:\/\/api.w.org\/{rel}","templated":true}]}}