{"id":8960,"date":"2026-03-10T08:44:32","date_gmt":"2026-03-10T08:44:32","guid":{"rendered":"https:\/\/portaldeyoung.uy\/?p=8960"},"modified":"2026-03-10T08:44:34","modified_gmt":"2026-03-10T08:44:34","slug":"medio-oriente-50-uruguayos-salieron-de-focos-de-ataque-y-15-llegaran-al-pais-en-los-proximos-dias","status":"publish","type":"post","link":"https:\/\/portaldeyoung.uy\/index.php\/2026\/03\/10\/medio-oriente-50-uruguayos-salieron-de-focos-de-ataque-y-15-llegaran-al-pais-en-los-proximos-dias\/","title":{"rendered":"Medio Oriente: 50 uruguayos salieron de \u00abfocos de ataque\u00bb y 15 llegar\u00e1n al pa\u00eds en los pr\u00f3ximos d\u00edas"},"content":{"rendered":"\n<p>La Canciller\u00eda coordina con las embajadas y consulados de Uruguay en los pa\u00edses afectados en la b\u00fasqueda de alternativas para asistir a los compatriotas que se encuentren en la zona de conflicto.<\/p>\n\n\n\n<p>La Canciller\u00eda inform\u00f3 este lunes que 50 <strong>uruguayos<\/strong> salieron \u00abde los focos de ataque y sus adyacencias en <strong>Medio Oriente<\/strong>\u00ab, y que de estos, 15 llegar\u00e1n a Uruguay entre este martes y mi\u00e9rcoles.<\/p>\n\n\n\n<p>El jueves de la semana pasada, el Ministerio de Relaciones Exteriores explic\u00f3 que trabajaba con las agencias de viajes uruguayas para colaborar en la reprogramaci\u00f3n de los itinerarios de vuelo de todas las personas que se encuentran atravesando inconvenientes de conectividad a\u00e9rea, indic\u00f3.<\/p>\n\n\n\n<p>Las autoridades realizan un monitoreo constante de la evoluci\u00f3n de la situaci\u00f3n en Medio Oriente, principalmente en relaci\u00f3n a la seguridad de los uruguayos en la zona de conflicto.<\/p>\n\n\n\n<p>La Canciller\u00eda coordina con las embajadas y consulados de Uruguay en los pa\u00edses afectados en la b\u00fasqueda de alternativas para asistir a los compatriotas que se encuentren en la zona de conflicto y mantiene comunicaci\u00f3n permanente con ellos.<\/p>\n\n\n\n<p>El Ministerio de Relaciones Exteriores pone a disposici\u00f3n de las personas que requieran asistencia en la zona de conflicto las 24 horas a trav\u00e9s del correo electr\u00f3nico: asistencia@mrree.gub.uy o a los tel\u00e9fonos de emergencia 098 274 616 y 098 051 052.<\/p>\n\n\n\n<p><em>*Subrayado<\/em><\/p>\n","protected":false},"excerpt":{"rendered":"<p>La Canciller\u00eda coordina con las embajadas y consulados de Uruguay en los pa\u00edses afectados en la b\u00fasqueda de alternativas para asistir a los compatriotas que<\/p>\n","protected":false},"author":1,"featured_media":8961,"comment_status":"closed","ping_status":"open","sticky":false,"template":"","format":"standard","meta":{"advgb_blocks_editor_width":"","advgb_blocks_columns_visual_guide":"","footnotes":"","jetpack_publicize_message":"La Canciller\u00eda coordina con las embajadas y consulados de Uruguay en los pa\u00edses afectados en la b\u00fasqueda de alternativas para asistir a los compatriotas que se encuentren en la zona de conflicto...\ud83d\udc47","jetpack_publicize_feature_enabled":true,"jetpack_social_post_already_shared":false,"jetpack_social_options":{"image_generator_settings":{"template":"highway","default_image_id":0,"font":"","enabled":false},"version":2}},"categories":[7],"tags":[],"class_list":["post-8960","post","type-post","status-publish","format-standard","has-post-thumbnail","hentry","category-del-pais"],"author_meta":{"display_name":"Portal","author_link":"https:\/\/portaldeyoung.uy\/index.php\/author\/admin_port\/"},"featured_img":"https:\/\/portaldeyoung.uy\/wp-content\/uploads\/2026\/03\/guerra-medio-oriente-300x169.jpg","jetpack_publicize_connections":[],"coauthors":[],"tax_additional":{"categories":{"linked":["<a href=\"https:\/\/portaldeyoung.uy\/index.php\/category\/del-pais\/\" class=\"advgb-post-tax-term\">Del pa\u00eds<\/a>"],"unlinked":["<span class=\"advgb-post-tax-term\">Del pa\u00eds<\/span>"]}},"comment_count":"0","relative_dates":{"created":"Publicado 2 meses hace","modified":"Actualizado 2 meses hace"},"absolute_dates":{"created":"Publicado el marzo 10, 2026","modified":"Actualizado el marzo 10, 2026"},"absolute_dates_time":{"created":"Publicado el marzo 10, 2026 8:44 am","modified":"Actualizado el marzo 10, 2026 8:44 am"},"featured_img_caption":"","series_order":"","_links":{"self":[{"href":"https:\/\/portaldeyoung.uy\/index.php\/wp-json\/wp\/v2\/posts\/8960","targetHints":{"allow":["GET"]}}],"collection":[{"href":"https:\/\/portaldeyoung.uy\/index.php\/wp-json\/wp\/v2\/posts"}],"about":[{"href":"https:\/\/portaldeyoung.uy\/index.php\/wp-json\/wp\/v2\/types\/post"}],"author":[{"embeddable":true,"href":"https:\/\/portaldeyoung.uy\/index.php\/wp-json\/wp\/v2\/users\/1"}],"replies":[{"embeddable":true,"href":"https:\/\/portaldeyoung.uy\/index.php\/wp-json\/wp\/v2\/comments?post=8960"}],"version-history":[{"count":1,"href":"https:\/\/portaldeyoung.uy\/index.php\/wp-json\/wp\/v2\/posts\/8960\/revisions"}],"predecessor-version":[{"id":8962,"href":"https:\/\/portaldeyoung.uy\/index.php\/wp-json\/wp\/v2\/posts\/8960\/revisions\/8962"}],"wp:featuredmedia":[{"embeddable":true,"href":"https:\/\/portaldeyoung.uy\/index.php\/wp-json\/wp\/v2\/media\/8961"}],"wp:attachment":[{"href":"https:\/\/portaldeyoung.uy\/index.php\/wp-json\/wp\/v2\/media?parent=8960"}],"wp:term":[{"taxonomy":"category","embeddable":true,"href":"https:\/\/portaldeyoung.uy\/index.php\/wp-json\/wp\/v2\/categories?post=8960"},{"taxonomy":"post_tag","embeddable":true,"href":"https:\/\/portaldeyoung.uy\/index.php\/wp-json\/wp\/v2\/tags?post=8960"}],"curies":[{"name":"wp","href":"https:\/\/api.w.org\/{rel}","templated":true}]}}