{"id":8940,"date":"2026-03-09T10:52:19","date_gmt":"2026-03-09T10:52:19","guid":{"rendered":"https:\/\/portaldeyoung.uy\/?p=8940"},"modified":"2026-03-09T15:53:33","modified_gmt":"2026-03-09T15:53:33","slug":"atletas-de-los-correcaminos-de-young-participaron-en-la-carrera-de-la-mujer-en-paysandu","status":"publish","type":"post","link":"https:\/\/portaldeyoung.uy\/index.php\/2026\/03\/09\/atletas-de-los-correcaminos-de-young-participaron-en-la-carrera-de-la-mujer-en-paysandu\/","title":{"rendered":"Atletas de Los Correcaminos de Young participaron en la Carrera de la Mujer en Paysand\u00fa"},"content":{"rendered":"\n<p>Integrantes de la agrupaci\u00f3n atl\u00e9tica Los Correcaminos de Young volvieron a participar en una competencia urbana, en esta oportunidad en la ciudad de Paysand\u00fa.<\/p>\n\n\n\n<p>Las corredoras Manly Vela, Cecilia Salate y Mar\u00eda Barr\u00e1n formaron parte de la <strong>13\u00aa edici\u00f3n de la Carrera de la Mujer<\/strong>, que reuni\u00f3 a m\u00e1s de 300 participantes en el tradicional circuito de 5 kil\u00f3metros.<\/p>\n\n\n\n<p>La actividad se desarroll\u00f3 con un buen marco de p\u00fablico y cont\u00f3 con diversos premios para las competidoras. En cuanto a los resultados, Mar\u00eda Barr\u00e1n obtuvo el segundo puesto en su categor\u00eda, mientras que Manly Vela finaliz\u00f3 en el tercer lugar de la suya.<\/p>\n\n\n\n<p>La Carrera de la Mujer se realiza anualmente en Paysand\u00fa como una instancia deportiva dedicada a las mujeres, en la que se registraron muy buenos tiempos, lo que dio mayor relevancia a las posiciones alcanzadas por las atletas de Young.<\/p>\n","protected":false},"excerpt":{"rendered":"<p>Integrantes de la agrupaci\u00f3n atl\u00e9tica Los Correcaminos de Young volvieron a participar en una competencia urbana, en esta oportunidad en la ciudad de Paysand\u00fa. Las<\/p>\n","protected":false},"author":1,"featured_media":8941,"comment_status":"closed","ping_status":"open","sticky":false,"template":"","format":"standard","meta":{"advgb_blocks_editor_width":"","advgb_blocks_columns_visual_guide":"","footnotes":"","jetpack_publicize_message":"Integrantes de la agrupaci\u00f3n atl\u00e9tica Los Correcaminos de Young volvieron a participar en una competencia urbana, en esta oportunidad en la ciudad de Paysand\u00fa ...Lee la nota completa\ud83d\udc47","jetpack_publicize_feature_enabled":true,"jetpack_social_post_already_shared":false,"jetpack_social_options":{"image_generator_settings":{"template":"highway","default_image_id":0,"font":"","enabled":false},"version":2}},"categories":[5],"tags":[],"class_list":["post-8940","post","type-post","status-publish","format-standard","has-post-thumbnail","hentry","category-de-la-tribuna"],"author_meta":{"display_name":"Portal","author_link":"https:\/\/portaldeyoung.uy\/index.php\/author\/admin_port\/"},"featured_img":"https:\/\/portaldeyoung.uy\/wp-content\/uploads\/2026\/03\/correcaminos-00-300x175.jpg","jetpack_publicize_connections":[],"coauthors":[],"tax_additional":{"categories":{"linked":["<a href=\"https:\/\/portaldeyoung.uy\/index.php\/category\/de-la-tribuna\/\" class=\"advgb-post-tax-term\">De la tribuna<\/a>"],"unlinked":["<span class=\"advgb-post-tax-term\">De la tribuna<\/span>"]}},"comment_count":"0","relative_dates":{"created":"Publicado 2 meses hace","modified":"Actualizado 2 meses hace"},"absolute_dates":{"created":"Publicado el marzo 9, 2026","modified":"Actualizado el marzo 9, 2026"},"absolute_dates_time":{"created":"Publicado el marzo 9, 2026 10:52 am","modified":"Actualizado el marzo 9, 2026 3:53 pm"},"featured_img_caption":"","series_order":"","_links":{"self":[{"href":"https:\/\/portaldeyoung.uy\/index.php\/wp-json\/wp\/v2\/posts\/8940","targetHints":{"allow":["GET"]}}],"collection":[{"href":"https:\/\/portaldeyoung.uy\/index.php\/wp-json\/wp\/v2\/posts"}],"about":[{"href":"https:\/\/portaldeyoung.uy\/index.php\/wp-json\/wp\/v2\/types\/post"}],"author":[{"embeddable":true,"href":"https:\/\/portaldeyoung.uy\/index.php\/wp-json\/wp\/v2\/users\/1"}],"replies":[{"embeddable":true,"href":"https:\/\/portaldeyoung.uy\/index.php\/wp-json\/wp\/v2\/comments?post=8940"}],"version-history":[{"count":1,"href":"https:\/\/portaldeyoung.uy\/index.php\/wp-json\/wp\/v2\/posts\/8940\/revisions"}],"predecessor-version":[{"id":8942,"href":"https:\/\/portaldeyoung.uy\/index.php\/wp-json\/wp\/v2\/posts\/8940\/revisions\/8942"}],"wp:featuredmedia":[{"embeddable":true,"href":"https:\/\/portaldeyoung.uy\/index.php\/wp-json\/wp\/v2\/media\/8941"}],"wp:attachment":[{"href":"https:\/\/portaldeyoung.uy\/index.php\/wp-json\/wp\/v2\/media?parent=8940"}],"wp:term":[{"taxonomy":"category","embeddable":true,"href":"https:\/\/portaldeyoung.uy\/index.php\/wp-json\/wp\/v2\/categories?post=8940"},{"taxonomy":"post_tag","embeddable":true,"href":"https:\/\/portaldeyoung.uy\/index.php\/wp-json\/wp\/v2\/tags?post=8940"}],"curies":[{"name":"wp","href":"https:\/\/api.w.org\/{rel}","templated":true}]}}