{"id":8935,"date":"2026-03-09T10:24:47","date_gmt":"2026-03-09T10:24:47","guid":{"rendered":"https:\/\/portaldeyoung.uy\/?p=8935"},"modified":"2026-03-10T10:22:54","modified_gmt":"2026-03-10T10:22:54","slug":"sistema-de-hogares-estudiantiles-y-becas-para-estudiantes-del-departamento","status":"publish","type":"post","link":"https:\/\/portaldeyoung.uy\/index.php\/2026\/03\/09\/sistema-de-hogares-estudiantiles-y-becas-para-estudiantes-del-departamento\/","title":{"rendered":"Sistema de hogares estudiantiles y becas para estudiantes del departamento"},"content":{"rendered":"\n<p>Con el comienzo del a\u00f1o lectivo, la Intendencia de R\u00edo Negro contin\u00faa con el funcionamiento del sistema de hogares estudiantiles y becas destinado a j\u00f3venes del departamento que deben trasladarse a otras ciudades para continuar sus estudios.<\/p>\n\n\n\n<p>El programa contempla alojamiento y alimentaci\u00f3n para estudiantes que cursan educaci\u00f3n media, t\u00e9cnica o universitaria fuera de su lugar de origen. Adem\u00e1s, en los hogares se brinda acompa\u00f1amiento psicosocial a los j\u00f3venes durante su etapa educativa. En algunos casos tambi\u00e9n se otorga apoyo para el pago de pasajes, con el objetivo de facilitar el traslado y la permanencia en el sistema educativo.<\/p>\n\n\n\n<p>Actualmente el sistema cuenta con hogares estudiantiles en Montevideo, ubicados en R\u00edo Branco 1540 y con cupos en Ciudad Universitaria. Tambi\u00e9n funcionan en Young, en 18 de Julio 2023; en Fray Bentos, en Brasil entre 18 de Julio y Zorrilla, adem\u00e1s del Hogar Universitario situado en Mendoza entre 18 de Julio y Rinc\u00f3n; y en Pueblo Grecco.<\/p>\n\n\n\n<p>El servicio est\u00e1 dirigido a estudiantes de distintas localidades del departamento que deben radicarse temporalmente en estas ciudades para continuar su formaci\u00f3n.<\/p>\n\n\n\n<p><\/p>\n","protected":false},"excerpt":{"rendered":"<p>Con el comienzo del a\u00f1o lectivo, la Intendencia de R\u00edo Negro contin\u00faa con el funcionamiento del sistema de hogares estudiantiles y becas destinado a j\u00f3venes<\/p>\n","protected":false},"author":1,"featured_media":8588,"comment_status":"closed","ping_status":"open","sticky":false,"template":"","format":"standard","meta":{"advgb_blocks_editor_width":"","advgb_blocks_columns_visual_guide":"","footnotes":"","jetpack_publicize_message":"El programa contempla alojamiento y alimentaci\u00f3n para estudiantes que cursan educaci\u00f3n media, t\u00e9cnica o universitaria fuera de su lugar de origen. Adem\u00e1s, en los ...Lee la nota completa\ud83d\udc47","jetpack_publicize_feature_enabled":true,"jetpack_social_post_already_shared":false,"jetpack_social_options":{"image_generator_settings":{"template":"highway","default_image_id":0,"font":"","enabled":false},"version":2}},"categories":[29],"tags":[],"class_list":["post-8935","post","type-post","status-publish","format-standard","has-post-thumbnail","hentry","category-del-territorio"],"author_meta":{"display_name":"Portal","author_link":"https:\/\/portaldeyoung.uy\/index.php\/author\/admin_port\/"},"featured_img":"https:\/\/portaldeyoung.uy\/wp-content\/uploads\/2026\/02\/hogar-estudiantil-300x175.jpg","jetpack_publicize_connections":[],"coauthors":[],"tax_additional":{"categories":{"linked":["<a href=\"https:\/\/portaldeyoung.uy\/index.php\/category\/del-territorio\/\" class=\"advgb-post-tax-term\">Del territorio<\/a>"],"unlinked":["<span class=\"advgb-post-tax-term\">Del territorio<\/span>"]}},"comment_count":"0","relative_dates":{"created":"Publicado 2 meses hace","modified":"Actualizado 2 meses hace"},"absolute_dates":{"created":"Publicado el marzo 9, 2026","modified":"Actualizado el marzo 10, 2026"},"absolute_dates_time":{"created":"Publicado el marzo 9, 2026 10:24 am","modified":"Actualizado el marzo 10, 2026 10:22 am"},"featured_img_caption":"","series_order":"","_links":{"self":[{"href":"https:\/\/portaldeyoung.uy\/index.php\/wp-json\/wp\/v2\/posts\/8935","targetHints":{"allow":["GET"]}}],"collection":[{"href":"https:\/\/portaldeyoung.uy\/index.php\/wp-json\/wp\/v2\/posts"}],"about":[{"href":"https:\/\/portaldeyoung.uy\/index.php\/wp-json\/wp\/v2\/types\/post"}],"author":[{"embeddable":true,"href":"https:\/\/portaldeyoung.uy\/index.php\/wp-json\/wp\/v2\/users\/1"}],"replies":[{"embeddable":true,"href":"https:\/\/portaldeyoung.uy\/index.php\/wp-json\/wp\/v2\/comments?post=8935"}],"version-history":[{"count":1,"href":"https:\/\/portaldeyoung.uy\/index.php\/wp-json\/wp\/v2\/posts\/8935\/revisions"}],"predecessor-version":[{"id":8936,"href":"https:\/\/portaldeyoung.uy\/index.php\/wp-json\/wp\/v2\/posts\/8935\/revisions\/8936"}],"wp:featuredmedia":[{"embeddable":true,"href":"https:\/\/portaldeyoung.uy\/index.php\/wp-json\/wp\/v2\/media\/8588"}],"wp:attachment":[{"href":"https:\/\/portaldeyoung.uy\/index.php\/wp-json\/wp\/v2\/media?parent=8935"}],"wp:term":[{"taxonomy":"category","embeddable":true,"href":"https:\/\/portaldeyoung.uy\/index.php\/wp-json\/wp\/v2\/categories?post=8935"},{"taxonomy":"post_tag","embeddable":true,"href":"https:\/\/portaldeyoung.uy\/index.php\/wp-json\/wp\/v2\/tags?post=8935"}],"curies":[{"name":"wp","href":"https:\/\/api.w.org\/{rel}","templated":true}]}}