{"id":8932,"date":"2026-03-09T10:18:15","date_gmt":"2026-03-09T10:18:15","guid":{"rendered":"https:\/\/portaldeyoung.uy\/?p=8932"},"modified":"2026-03-10T10:23:05","modified_gmt":"2026-03-10T10:23:05","slug":"fray-bentos-conductor-fue-detenido-tras-chocar-contra-dos-vehiculos-estacionados-en-la-madrugada","status":"publish","type":"post","link":"https:\/\/portaldeyoung.uy\/index.php\/2026\/03\/09\/fray-bentos-conductor-fue-detenido-tras-chocar-contra-dos-vehiculos-estacionados-en-la-madrugada\/","title":{"rendered":"Fray Bentos: conductor fue detenido tras chocar contra dos veh\u00edculos estacionados en la madrugada"},"content":{"rendered":"\n<p>Un siniestro de tr\u00e1nsito ocurri\u00f3 en la madrugada de este domingo en la ciudad de Fray Bentos, cuando una camioneta termin\u00f3 impactando contra dos autom\u00f3viles que se encontraban estacionados.<\/p>\n\n\n\n<p>El hecho se registr\u00f3 pr\u00f3ximo a las 03:50 horas en calle Brasil, entre Inglaterra e Italia. Personal de la Seccional Primera acudi\u00f3 al lugar tras recibir un llamado a trav\u00e9s del servicio de emergencias 911.<\/p>\n\n\n\n<p>Al llegar, los efectivos constataron que una camioneta Volkswagen Saveiro, conducida por un joven de iniciales A.J.N.G., de 22 a\u00f1os, hab\u00eda embestido a dos veh\u00edculos que estaban estacionados en la zona: un Citro\u00ebn Saxo y un Mercedes Benz C180, los cuales sufrieron da\u00f1os materiales.<\/p>\n\n\n\n<p>Seg\u00fan la informaci\u00f3n recabada por la Polic\u00eda, el conductor presentaba claros signos de haber ingerido alcohol y mostr\u00f3 una actitud poco colaborativa durante el procedimiento. Ante esta situaci\u00f3n, fue trasladado por personal de la Unidad de Respuesta Policial a la Seccional Primera.<\/p>\n\n\n\n<p>En dependencias policiales se le realiz\u00f3 un test de drogas que arroj\u00f3 resultado positivo. Asimismo, se verific\u00f3 que la camioneta circulaba sin contar con el Seguro Obligatorio de Automotores (SOA).<\/p>\n\n\n\n<p>El joven fue detenido por desacato.<\/p>\n\n\n\n<p><em>Fuente: portal de noticias R\u00edo Negro Ahora.<\/em><\/p>\n","protected":false},"excerpt":{"rendered":"<p>Un siniestro de tr\u00e1nsito ocurri\u00f3 en la madrugada de este domingo en la ciudad de Fray Bentos, cuando una camioneta termin\u00f3 impactando contra dos autom\u00f3viles<\/p>\n","protected":false},"author":1,"featured_media":8933,"comment_status":"closed","ping_status":"open","sticky":false,"template":"","format":"standard","meta":{"advgb_blocks_editor_width":"","advgb_blocks_columns_visual_guide":"","footnotes":"","jetpack_publicize_message":"Un siniestro de tr\u00e1nsito ocurri\u00f3 en la madrugada de este domingo en la ciudad de Fray Bentos, cuando una camioneta termin\u00f3 impactando contra dos autom\u00f3viles que se ...lee la nota completa\ud83d\udc47","jetpack_publicize_feature_enabled":true,"jetpack_social_post_already_shared":false,"jetpack_social_options":{"image_generator_settings":{"template":"highway","default_image_id":0,"font":"","enabled":false},"version":2}},"categories":[29],"tags":[],"class_list":["post-8932","post","type-post","status-publish","format-standard","has-post-thumbnail","hentry","category-del-territorio"],"author_meta":{"display_name":"Portal","author_link":"https:\/\/portaldeyoung.uy\/index.php\/author\/admin_port\/"},"featured_img":"https:\/\/portaldeyoung.uy\/wp-content\/uploads\/2026\/03\/accidente-300x172.png","jetpack_publicize_connections":[],"coauthors":[],"tax_additional":{"categories":{"linked":["<a href=\"https:\/\/portaldeyoung.uy\/index.php\/category\/del-territorio\/\" class=\"advgb-post-tax-term\">Del territorio<\/a>"],"unlinked":["<span class=\"advgb-post-tax-term\">Del territorio<\/span>"]}},"comment_count":"0","relative_dates":{"created":"Publicado 2 meses hace","modified":"Actualizado 2 meses hace"},"absolute_dates":{"created":"Publicado el marzo 9, 2026","modified":"Actualizado el marzo 10, 2026"},"absolute_dates_time":{"created":"Publicado el marzo 9, 2026 10:18 am","modified":"Actualizado el marzo 10, 2026 10:23 am"},"featured_img_caption":"","series_order":"","_links":{"self":[{"href":"https:\/\/portaldeyoung.uy\/index.php\/wp-json\/wp\/v2\/posts\/8932","targetHints":{"allow":["GET"]}}],"collection":[{"href":"https:\/\/portaldeyoung.uy\/index.php\/wp-json\/wp\/v2\/posts"}],"about":[{"href":"https:\/\/portaldeyoung.uy\/index.php\/wp-json\/wp\/v2\/types\/post"}],"author":[{"embeddable":true,"href":"https:\/\/portaldeyoung.uy\/index.php\/wp-json\/wp\/v2\/users\/1"}],"replies":[{"embeddable":true,"href":"https:\/\/portaldeyoung.uy\/index.php\/wp-json\/wp\/v2\/comments?post=8932"}],"version-history":[{"count":1,"href":"https:\/\/portaldeyoung.uy\/index.php\/wp-json\/wp\/v2\/posts\/8932\/revisions"}],"predecessor-version":[{"id":8934,"href":"https:\/\/portaldeyoung.uy\/index.php\/wp-json\/wp\/v2\/posts\/8932\/revisions\/8934"}],"wp:featuredmedia":[{"embeddable":true,"href":"https:\/\/portaldeyoung.uy\/index.php\/wp-json\/wp\/v2\/media\/8933"}],"wp:attachment":[{"href":"https:\/\/portaldeyoung.uy\/index.php\/wp-json\/wp\/v2\/media?parent=8932"}],"wp:term":[{"taxonomy":"category","embeddable":true,"href":"https:\/\/portaldeyoung.uy\/index.php\/wp-json\/wp\/v2\/categories?post=8932"},{"taxonomy":"post_tag","embeddable":true,"href":"https:\/\/portaldeyoung.uy\/index.php\/wp-json\/wp\/v2\/tags?post=8932"}],"curies":[{"name":"wp","href":"https:\/\/api.w.org\/{rel}","templated":true}]}}