{"id":8874,"date":"2026-03-06T10:43:22","date_gmt":"2026-03-06T10:43:22","guid":{"rendered":"https:\/\/portaldeyoung.uy\/?p=8874"},"modified":"2026-03-09T14:06:47","modified_gmt":"2026-03-09T14:06:47","slug":"convocan-a-la-conmemoracion-del-dia-internacional-de-la-mujer","status":"publish","type":"post","link":"https:\/\/portaldeyoung.uy\/index.php\/2026\/03\/06\/convocan-a-la-conmemoracion-del-dia-internacional-de-la-mujer\/","title":{"rendered":"Convocan a la conmemoraci\u00f3n del D\u00eda Internacional de la Mujer"},"content":{"rendered":"\n<p>En el marco del D\u00eda Internacional de la Mujer, la organizaci\u00f3n Colectiva Feminista Mburucuy\u00e1 de Young convoca a una movilizaci\u00f3n que se realizar\u00e1 el pr\u00f3ximo 8 de marzo en la ciudad de Young.<\/p>\n\n\n\n<p>La actividad comenzar\u00e1 con una concentraci\u00f3n en la Plaza 8 de Marzo, desde donde las participantes marchar\u00e1n por las calles de la ciudad hasta llegar a la Plaza Sardo.<\/p>\n\n\n\n<p>Seg\u00fan se informa en la convocatoria, al finalizar la movilizaci\u00f3n se desarrollar\u00e1n diferentes actividades, entre ellas espect\u00e1culos art\u00edsticos y la lectura de una proclama vinculada a las reivindicaciones del movimiento de mujeres.<\/p>\n\n\n\n<p>Desde la organizaci\u00f3n invitan a la comunidad a participar de la jornada, que busca visibilizar la lucha por la igualdad de derechos, as\u00ed como reflexionar sobre los avances y desaf\u00edos pendientes en materia de g\u00e9nero. La actividad forma parte de las acciones que cada a\u00f1o se realizan en distintas ciudades del pa\u00eds en conmemoraci\u00f3n del 8 de marzo. \ud83d\udc9c<\/p>\n","protected":false},"excerpt":{"rendered":"<p>En el marco del D\u00eda Internacional de la Mujer, la organizaci\u00f3n Colectiva Feminista Mburucuy\u00e1 de Young convoca a una movilizaci\u00f3n que se realizar\u00e1 el pr\u00f3ximo<\/p>\n","protected":false},"author":1,"featured_media":8875,"comment_status":"closed","ping_status":"open","sticky":false,"template":"","format":"standard","meta":{"advgb_blocks_editor_width":"","advgb_blocks_columns_visual_guide":"","footnotes":"","jetpack_publicize_message":"En el marco del D\u00eda Internacional de la Mujer, la organizaci\u00f3n Colectiva Feminista Mburucuy\u00e1 de Young convoca a una movilizaci\u00f3n que se realizar\u00e1 el pr\u00f3ximo 8 de marzo en ...Lee la nota completa\ud83d\udc47","jetpack_publicize_feature_enabled":true,"jetpack_social_post_already_shared":false,"jetpack_social_options":{"image_generator_settings":{"template":"highway","default_image_id":0,"font":"","enabled":false},"version":2}},"categories":[28],"tags":[],"class_list":["post-8874","post","type-post","status-publish","format-standard","has-post-thumbnail","hentry","category-de-la-ciudad"],"author_meta":{"display_name":"Portal","author_link":"https:\/\/portaldeyoung.uy\/index.php\/author\/admin_port\/"},"featured_img":"https:\/\/portaldeyoung.uy\/wp-content\/uploads\/2026\/03\/dia-de-la-mujer-00-300x169.png","jetpack_publicize_connections":[],"coauthors":[],"tax_additional":{"categories":{"linked":["<a href=\"https:\/\/portaldeyoung.uy\/index.php\/category\/de-la-ciudad\/\" class=\"advgb-post-tax-term\">De la ciudad<\/a>"],"unlinked":["<span class=\"advgb-post-tax-term\">De la ciudad<\/span>"]}},"comment_count":"0","relative_dates":{"created":"Publicado 2 meses hace","modified":"Actualizado 2 meses hace"},"absolute_dates":{"created":"Publicado el marzo 6, 2026","modified":"Actualizado el marzo 9, 2026"},"absolute_dates_time":{"created":"Publicado el marzo 6, 2026 10:43 am","modified":"Actualizado el marzo 9, 2026 2:06 pm"},"featured_img_caption":"","series_order":"","_links":{"self":[{"href":"https:\/\/portaldeyoung.uy\/index.php\/wp-json\/wp\/v2\/posts\/8874","targetHints":{"allow":["GET"]}}],"collection":[{"href":"https:\/\/portaldeyoung.uy\/index.php\/wp-json\/wp\/v2\/posts"}],"about":[{"href":"https:\/\/portaldeyoung.uy\/index.php\/wp-json\/wp\/v2\/types\/post"}],"author":[{"embeddable":true,"href":"https:\/\/portaldeyoung.uy\/index.php\/wp-json\/wp\/v2\/users\/1"}],"replies":[{"embeddable":true,"href":"https:\/\/portaldeyoung.uy\/index.php\/wp-json\/wp\/v2\/comments?post=8874"}],"version-history":[{"count":1,"href":"https:\/\/portaldeyoung.uy\/index.php\/wp-json\/wp\/v2\/posts\/8874\/revisions"}],"predecessor-version":[{"id":8876,"href":"https:\/\/portaldeyoung.uy\/index.php\/wp-json\/wp\/v2\/posts\/8874\/revisions\/8876"}],"wp:featuredmedia":[{"embeddable":true,"href":"https:\/\/portaldeyoung.uy\/index.php\/wp-json\/wp\/v2\/media\/8875"}],"wp:attachment":[{"href":"https:\/\/portaldeyoung.uy\/index.php\/wp-json\/wp\/v2\/media?parent=8874"}],"wp:term":[{"taxonomy":"category","embeddable":true,"href":"https:\/\/portaldeyoung.uy\/index.php\/wp-json\/wp\/v2\/categories?post=8874"},{"taxonomy":"post_tag","embeddable":true,"href":"https:\/\/portaldeyoung.uy\/index.php\/wp-json\/wp\/v2\/tags?post=8874"}],"curies":[{"name":"wp","href":"https:\/\/api.w.org\/{rel}","templated":true}]}}