{"id":8870,"date":"2026-03-06T10:21:44","date_gmt":"2026-03-06T10:21:44","guid":{"rendered":"https:\/\/portaldeyoung.uy\/?p=8870"},"modified":"2026-03-10T10:23:20","modified_gmt":"2026-03-10T10:23:20","slug":"techera-respondio-sobre-aumentos-en-el-presupuesto-departamental","status":"publish","type":"post","link":"https:\/\/portaldeyoung.uy\/index.php\/2026\/03\/06\/techera-respondio-sobre-aumentos-en-el-presupuesto-departamental\/","title":{"rendered":"Techera respondi\u00f3 sobre aumentos en el Presupuesto departamental"},"content":{"rendered":"\n<p>El proyecto de presupuesto departamental volvi\u00f3 a instalarse en el centro de la discusi\u00f3n dentro de la Junta, luego de que la edil del Partido Nacional, Mariana Mascare\u00f1a, cuestionara algunos puntos de la iniciativa enviada por el Ejecutivo. La legisladora expres\u00f3 que el texto contempla incrementos impositivos y la eventual creaci\u00f3n de una tasa vinculada a la caminer\u00eda rural, medidas que \u2014seg\u00fan adelant\u00f3\u2014 no contar\u00e1n con el respaldo de su sector pol\u00edtico.<\/p>\n\n\n\n<p>Ante estas afirmaciones, el edil del Frente Amplio, Guillermo Techera, sali\u00f3 al cruce de las cr\u00edticas y neg\u00f3 que el proyecto implique un aumento generalizado de tributos. Seg\u00fan sostuvo, el an\u00e1lisis del presupuesto se desarrolla con normalidad en el \u00e1mbito de comisi\u00f3n de la Junta Departamental.<\/p>\n\n\n\n<p>Durante una entrevista en el programa <em>C\u00f3digo QR<\/em> de Multimedios Rinc\u00f3n, Techera asegur\u00f3 que no existe un \u201ctarifazo\u201d dentro de la propuesta presupuestal y remarc\u00f3 que el trabajo legislativo avanza de forma adecuada. No obstante, indic\u00f3 que desde su bancada se mantienen atentos a ciertas interpretaciones que, a su entender, no reflejan el contenido real del proyecto.<\/p>\n\n\n\n<p>Uno de los temas que actualmente se eval\u00faan es la contribuci\u00f3n inmobiliaria urbana. De acuerdo a lo explicado por el edil, se estudia la incorporaci\u00f3n de una quinta categor\u00eda para aquellos padrones cuyo valor supere los dos millones de d\u00f3lares, aplicando en esos casos una al\u00edcuota del 3,5%.<\/p>\n\n\n\n<p>El proyecto tambi\u00e9n incluye beneficios fiscales dirigidos a sectores m\u00e1s vulnerables y cambios en el Impuesto General Municipal. Entre ellos se analizan ajustes en la tasa de alumbrado p\u00fablico, bajo el criterio de que las grandes superficies no deber\u00edan tributar lo mismo que un contribuyente promedio. Asimismo, se considera la posibilidad de establecer exoneraciones para quienes realicen determinadas inversiones.<\/p>\n\n\n\n<p>En cuanto a la eventual tasa por utilizaci\u00f3n de caminer\u00eda rural, Techera reconoci\u00f3 que la idea est\u00e1 presente dentro de la propuesta presupuestal, aunque subray\u00f3 que el texto deber\u00e1 revisarse cuidadosamente para evitar consecuencias negativas para los productores y residentes del medio rural.<\/p>\n\n\n\n<p>Desde el Partido Nacional, Mascare\u00f1a ya hab\u00eda manifestado su preocupaci\u00f3n por la posible incorporaci\u00f3n de nuevos tributos y por el alcance que podr\u00eda tener la tasa vinculada a la caminer\u00eda. En ese sentido, adelant\u00f3 que su bancada no respaldar\u00e1 medidas que impliquen un aumento de la carga impositiva para los contribuyentes. \ud83c\udfdb\ufe0f\ud83d\udcca<\/p>\n","protected":false},"excerpt":{"rendered":"<p>El proyecto de presupuesto departamental volvi\u00f3 a instalarse en el centro de la discusi\u00f3n dentro de la Junta, luego de que la edil del Partido<\/p>\n","protected":false},"author":1,"featured_media":2716,"comment_status":"closed","ping_status":"open","sticky":false,"template":"","format":"standard","meta":{"advgb_blocks_editor_width":"","advgb_blocks_columns_visual_guide":"","footnotes":"","jetpack_publicize_message":"El proyecto de presupuesto departamental volvi\u00f3 a instalarse en el centro de la discusi\u00f3n dentro de la Junta, luego de que la edil del Partido Nacional, Mariana Mascare\u00f1a, cuestionara algunos puntos de la iniciativa enviada por el Ejecutivo. La ...Lee la nota completa\ud83d\udc47","jetpack_publicize_feature_enabled":true,"jetpack_social_post_already_shared":false,"jetpack_social_options":{"image_generator_settings":{"template":"highway","default_image_id":0,"font":"","enabled":false},"version":2}},"categories":[29],"tags":[],"class_list":["post-8870","post","type-post","status-publish","format-standard","has-post-thumbnail","hentry","category-del-territorio"],"author_meta":{"display_name":"Portal","author_link":"https:\/\/portaldeyoung.uy\/index.php\/author\/admin_port\/"},"featured_img":"https:\/\/portaldeyoung.uy\/wp-content\/uploads\/2025\/08\/Techera-300x166.jpg","jetpack_publicize_connections":[],"coauthors":[],"tax_additional":{"categories":{"linked":["<a href=\"https:\/\/portaldeyoung.uy\/index.php\/category\/del-territorio\/\" class=\"advgb-post-tax-term\">Del territorio<\/a>"],"unlinked":["<span class=\"advgb-post-tax-term\">Del territorio<\/span>"]}},"comment_count":"0","relative_dates":{"created":"Publicado 2 meses hace","modified":"Actualizado 2 meses hace"},"absolute_dates":{"created":"Publicado el marzo 6, 2026","modified":"Actualizado el marzo 10, 2026"},"absolute_dates_time":{"created":"Publicado el marzo 6, 2026 10:21 am","modified":"Actualizado el marzo 10, 2026 10:23 am"},"featured_img_caption":"","series_order":"","_links":{"self":[{"href":"https:\/\/portaldeyoung.uy\/index.php\/wp-json\/wp\/v2\/posts\/8870","targetHints":{"allow":["GET"]}}],"collection":[{"href":"https:\/\/portaldeyoung.uy\/index.php\/wp-json\/wp\/v2\/posts"}],"about":[{"href":"https:\/\/portaldeyoung.uy\/index.php\/wp-json\/wp\/v2\/types\/post"}],"author":[{"embeddable":true,"href":"https:\/\/portaldeyoung.uy\/index.php\/wp-json\/wp\/v2\/users\/1"}],"replies":[{"embeddable":true,"href":"https:\/\/portaldeyoung.uy\/index.php\/wp-json\/wp\/v2\/comments?post=8870"}],"version-history":[{"count":1,"href":"https:\/\/portaldeyoung.uy\/index.php\/wp-json\/wp\/v2\/posts\/8870\/revisions"}],"predecessor-version":[{"id":8871,"href":"https:\/\/portaldeyoung.uy\/index.php\/wp-json\/wp\/v2\/posts\/8870\/revisions\/8871"}],"wp:featuredmedia":[{"embeddable":true,"href":"https:\/\/portaldeyoung.uy\/index.php\/wp-json\/wp\/v2\/media\/2716"}],"wp:attachment":[{"href":"https:\/\/portaldeyoung.uy\/index.php\/wp-json\/wp\/v2\/media?parent=8870"}],"wp:term":[{"taxonomy":"category","embeddable":true,"href":"https:\/\/portaldeyoung.uy\/index.php\/wp-json\/wp\/v2\/categories?post=8870"},{"taxonomy":"post_tag","embeddable":true,"href":"https:\/\/portaldeyoung.uy\/index.php\/wp-json\/wp\/v2\/tags?post=8870"}],"curies":[{"name":"wp","href":"https:\/\/api.w.org\/{rel}","templated":true}]}}