{"id":8865,"date":"2026-03-06T10:01:40","date_gmt":"2026-03-06T10:01:40","guid":{"rendered":"https:\/\/portaldeyoung.uy\/?p=8865"},"modified":"2026-03-06T10:02:49","modified_gmt":"2026-03-06T10:02:49","slug":"fancap-y-sunca-se-reuniran-con-orsi-por-cierre-de-la-planta-de-portland-en-paysandu","status":"publish","type":"post","link":"https:\/\/portaldeyoung.uy\/index.php\/2026\/03\/06\/fancap-y-sunca-se-reuniran-con-orsi-por-cierre-de-la-planta-de-portland-en-paysandu\/","title":{"rendered":"Fancap y Sunca se reunir\u00e1n con Orsi por cierre de la planta de portland en Paysand\u00fa"},"content":{"rendered":"\n<p>La reuni\u00f3n con el presidente Yamand\u00fa Orsi ser\u00e1 el pr\u00f3ximo viernes 13 de marzo, con el objetivo de plantear su preocupaci\u00f3n por el plan de reestructura de ANCAP.<\/p>\n\n\n\n<p>Los sindicatos FANCAP y SUNCA mantendr\u00e1n una reuni\u00f3n con el presidente Yamand\u00fa Orsi el pr\u00f3ximo viernes 13 de marzo, con el objetivo de plantear su preocupaci\u00f3n por el plan de reestructura de ANCAP que, seg\u00fan los trabajadores, implicar\u00eda el cierre encubierto de la planta de portland de Paysand\u00fa.<\/p>\n\n\n\n<p>Desde el movimiento sindical se\u00f1alan que el proyecto presentado por el directorio del ente se sustenta en \u201cenunciados falsos\u201d y que las decisiones adoptadas muestran marchas y contramarchas que generan incertidumbre sobre el futuro de la industria.<br>Los trabajadores sostienen que la iniciativa contradice lo que se hab\u00eda anunciado previamente en el Parlamento, donde se asegur\u00f3 que no habr\u00eda cierre de plantas ni p\u00e9rdida de puestos laborales. Sin embargo, advierten que el plan actual podr\u00eda derivar en la p\u00e9rdida de alrededor de 200 empleos, principalmente de trabajadores tercerizados.<br>Ante esta situaci\u00f3n, Fancap y Sunca solicitar\u00e1n al presidente Orsi que el gobierno tome cartas en el asunto y revierta la decisi\u00f3n, al considerar que la medida ser\u00eda negativa no solo para los trabajadores y para Paysand\u00fa, sino tambi\u00e9n para el patrimonio industrial de todos los uruguayos.<\/p>\n","protected":false},"excerpt":{"rendered":"<p>La reuni\u00f3n con el presidente Yamand\u00fa Orsi ser\u00e1 el pr\u00f3ximo viernes 13 de marzo, con el objetivo de plantear su preocupaci\u00f3n por el plan de<\/p>\n","protected":false},"author":1,"featured_media":3929,"comment_status":"closed","ping_status":"open","sticky":false,"template":"","format":"standard","meta":{"advgb_blocks_editor_width":"","advgb_blocks_columns_visual_guide":"","footnotes":"","jetpack_publicize_message":"La reuni\u00f3n con el presidente Yamand\u00fa Orsi ser\u00e1 el pr\u00f3ximo viernes 13 de marzo, con el objetivo de plantear su preocupaci\u00f3n por el plan de reestructura de ANCAP ...Lee la nota completa\ud83d\udc47","jetpack_publicize_feature_enabled":true,"jetpack_social_post_already_shared":false,"jetpack_social_options":{"image_generator_settings":{"template":"highway","default_image_id":0,"font":"","enabled":false},"version":2}},"categories":[7],"tags":[],"class_list":["post-8865","post","type-post","status-publish","format-standard","has-post-thumbnail","hentry","category-del-pais"],"author_meta":{"display_name":"Portal","author_link":"https:\/\/portaldeyoung.uy\/index.php\/author\/admin_port\/"},"featured_img":"https:\/\/portaldeyoung.uy\/wp-content\/uploads\/2025\/09\/planta-ancap-paysandu-300x168.jpg","jetpack_publicize_connections":[],"coauthors":[],"tax_additional":{"categories":{"linked":["<a href=\"https:\/\/portaldeyoung.uy\/index.php\/category\/del-pais\/\" class=\"advgb-post-tax-term\">Del pa\u00eds<\/a>"],"unlinked":["<span class=\"advgb-post-tax-term\">Del pa\u00eds<\/span>"]}},"comment_count":"0","relative_dates":{"created":"Publicado 2 meses hace","modified":"Actualizado 2 meses hace"},"absolute_dates":{"created":"Publicado el marzo 6, 2026","modified":"Actualizado el marzo 6, 2026"},"absolute_dates_time":{"created":"Publicado el marzo 6, 2026 10:01 am","modified":"Actualizado el marzo 6, 2026 10:02 am"},"featured_img_caption":"","series_order":"","_links":{"self":[{"href":"https:\/\/portaldeyoung.uy\/index.php\/wp-json\/wp\/v2\/posts\/8865","targetHints":{"allow":["GET"]}}],"collection":[{"href":"https:\/\/portaldeyoung.uy\/index.php\/wp-json\/wp\/v2\/posts"}],"about":[{"href":"https:\/\/portaldeyoung.uy\/index.php\/wp-json\/wp\/v2\/types\/post"}],"author":[{"embeddable":true,"href":"https:\/\/portaldeyoung.uy\/index.php\/wp-json\/wp\/v2\/users\/1"}],"replies":[{"embeddable":true,"href":"https:\/\/portaldeyoung.uy\/index.php\/wp-json\/wp\/v2\/comments?post=8865"}],"version-history":[{"count":1,"href":"https:\/\/portaldeyoung.uy\/index.php\/wp-json\/wp\/v2\/posts\/8865\/revisions"}],"predecessor-version":[{"id":8866,"href":"https:\/\/portaldeyoung.uy\/index.php\/wp-json\/wp\/v2\/posts\/8865\/revisions\/8866"}],"wp:featuredmedia":[{"embeddable":true,"href":"https:\/\/portaldeyoung.uy\/index.php\/wp-json\/wp\/v2\/media\/3929"}],"wp:attachment":[{"href":"https:\/\/portaldeyoung.uy\/index.php\/wp-json\/wp\/v2\/media?parent=8865"}],"wp:term":[{"taxonomy":"category","embeddable":true,"href":"https:\/\/portaldeyoung.uy\/index.php\/wp-json\/wp\/v2\/categories?post=8865"},{"taxonomy":"post_tag","embeddable":true,"href":"https:\/\/portaldeyoung.uy\/index.php\/wp-json\/wp\/v2\/tags?post=8865"}],"curies":[{"name":"wp","href":"https:\/\/api.w.org\/{rel}","templated":true}]}}