{"id":8862,"date":"2026-03-06T09:56:12","date_gmt":"2026-03-06T09:56:12","guid":{"rendered":"https:\/\/portaldeyoung.uy\/?p=8862"},"modified":"2026-03-06T10:33:30","modified_gmt":"2026-03-06T10:33:30","slug":"imputan-a-pareja-por-abusos-sexuales-en-perjuicio-de-una-nina-de-12-anos-en-paysandu","status":"publish","type":"post","link":"https:\/\/portaldeyoung.uy\/index.php\/2026\/03\/06\/imputan-a-pareja-por-abusos-sexuales-en-perjuicio-de-una-nina-de-12-anos-en-paysandu\/","title":{"rendered":"Imputan a pareja por abusos sexuales en perjuicio de una ni\u00f1a de 12 a\u00f1os en Paysand\u00fa"},"content":{"rendered":"\n<p>El caso que meses atr\u00e1s gener\u00f3 profunda conmoci\u00f3n e indignaci\u00f3n en la zona de avenida Naciones Unidas y Grito de Asencio,en la capital sanducera,  al punto de desatar una \u201cpueblada\u201d que termin\u00f3 con una vivienda incendiada, tuvo en las \u00faltimas horas un nuevo cap\u00edtulo en la \u00f3rbita judicial.<br>La Justicia Penal dispuso la imputaci\u00f3n de un hombre de 47 a\u00f1os por \u201cla presunta comisi\u00f3n de reiterados delitos de abuso sexual especialmente agravado en reiteraci\u00f3n real con reiterados delitos de abuso sexual y reiterados delitos de violencia dom\u00e9stica agravada\u201d.<\/p>\n\n\n\n<p>Como medida cautelar se le impuso prisi\u00f3n preventiva por el t\u00e9rmino de 90 d\u00edas mientras contin\u00faa la investigaci\u00f3n. Asimismo, fue imputada una mujer de 38 a\u00f1os \u2013madre de la v\u00edctima&#8211; por \u201cla presunta comisi\u00f3n de reiterados delitos de omisi\u00f3n a los deberes inherentes a la patria potestad, cuatro de ellos en concurso formal con reiterados delitos de abuso sexual especialmente agravado\u201d. En su caso, la Justicia dispuso arresto domiciliario total, adem\u00e1s de otras medidas y prohibiciones.<br>El caso es investigado por la Fiscal\u00eda de Primer Turno y tuvo su origen en una denuncia radicada en julio del a\u00f1o pasado, que motiv\u00f3 la intervenci\u00f3n de la Comisar\u00eda Especializada en Violencia Dom\u00e9stica y de G\u00e9nero (CEVDG). De acuerdo con la informaci\u00f3n recabada, la denuncia refer\u00eda a presuntos hechos de abuso sexual en perjuicio de una ni\u00f1a de 12 a\u00f1os, que debi\u00f3 ser internada en el hospital, en los que estar\u00edan involucradas personas de su entorno familiar.<br>En una primera instancia, las actuaciones fueron elevadas a la Fiscal\u00eda competente y se activ\u00f3 de inmediato el protocolo de protecci\u00f3n para la menor, disponi\u00e9ndose adem\u00e1s su tenencia provisoria por parte de otro familiar mientras avanzaban las actuaciones investigativas.<\/p>\n\n\n\n<p>El caso gener\u00f3 fuerte conmoci\u00f3n en el barrio donde resid\u00eda la familia. En julio del a\u00f1o pasado, cuando trascendieron los hechos, se vivieron momentos de gran tensi\u00f3n cuando m\u00e1s de un centenar de vecinos se concentr\u00f3 frente a la vivienda de los ahora imputados para manifestar su rechazo y exigir que abandonaran el lugar.<br>Seg\u00fan se inform\u00f3 en aquel momento, los manifestantes profirieron gritos y consignas contra la pareja, en medio de un clima de indignaci\u00f3n generalizado. La situaci\u00f3n deriv\u00f3 en episodios de violencia verbal y amenazas, lo que motiv\u00f3 un importante despliegue policial para evitar que los vecinos tomaran represalias por mano propia.<br>Tras varios minutos de tensi\u00f3n, efectivos policiales lograron retirar a la pareja del interior de la vivienda bajo un fuerte operativo de seguridad, con el objetivo de preservar su integridad f\u00edsica. Sin embargo, luego de su traslado, algunos vecinos ingresaron a la finca y provocaron destrozos en el interior, sacando muebles y objetos a la calle, varios de los cuales fueron incendiados.<br>Al lugar debi\u00f3 concurrir personal del destacamento local de Bomberos para controlar el fuego, mientras efectivos policiales permanec\u00edan desplegados en la zona intentando contener a los manifestantes y evitar nuevos incidentes.<br>Finalmente, tras meses de actuaciones y recolecci\u00f3n de pruebas, la Justicia resolvi\u00f3 en las \u00faltimas horas la imputaci\u00f3n de ambas personas, mientras la investigaci\u00f3n contin\u00faa su curso hasta poder llegar a una condena.<\/p>\n\n\n\n<p><em>*El Tel\u00e9grafo<\/em><\/p>\n","protected":false},"excerpt":{"rendered":"<p>El caso que meses atr\u00e1s gener\u00f3 profunda conmoci\u00f3n e indignaci\u00f3n en la zona de avenida Naciones Unidas y Grito de Asencio,en la capital sanducera, al<\/p>\n","protected":false},"author":1,"featured_media":8863,"comment_status":"closed","ping_status":"open","sticky":false,"template":"","format":"standard","meta":{"advgb_blocks_editor_width":"","advgb_blocks_columns_visual_guide":"","footnotes":"","jetpack_publicize_message":"El caso que meses atr\u00e1s gener\u00f3 profunda conmoci\u00f3n e indignaci\u00f3n en la zona de avenida Naciones Unidas y Grito de Asencio,en la capital sanducera,  al punto de desatar una \u201cpueblada\u201d que ...Lee la nota completa\ud83d\udc47","jetpack_publicize_feature_enabled":true,"jetpack_social_post_already_shared":false,"jetpack_social_options":{"image_generator_settings":{"template":"highway","default_image_id":0,"font":"","enabled":false},"version":2}},"categories":[7],"tags":[],"class_list":["post-8862","post","type-post","status-publish","format-standard","has-post-thumbnail","hentry","category-del-pais"],"author_meta":{"display_name":"Portal","author_link":"https:\/\/portaldeyoung.uy\/index.php\/author\/admin_port\/"},"featured_img":"https:\/\/portaldeyoung.uy\/wp-content\/uploads\/2026\/03\/pueblada-paysandu-abuso-300x169.jpg","jetpack_publicize_connections":[],"coauthors":[],"tax_additional":{"categories":{"linked":["<a href=\"https:\/\/portaldeyoung.uy\/index.php\/category\/del-pais\/\" class=\"advgb-post-tax-term\">Del pa\u00eds<\/a>"],"unlinked":["<span class=\"advgb-post-tax-term\">Del pa\u00eds<\/span>"]}},"comment_count":"0","relative_dates":{"created":"Publicado 2 meses hace","modified":"Actualizado 2 meses hace"},"absolute_dates":{"created":"Publicado el marzo 6, 2026","modified":"Actualizado el marzo 6, 2026"},"absolute_dates_time":{"created":"Publicado el marzo 6, 2026 9:56 am","modified":"Actualizado el marzo 6, 2026 10:33 am"},"featured_img_caption":"","series_order":"","_links":{"self":[{"href":"https:\/\/portaldeyoung.uy\/index.php\/wp-json\/wp\/v2\/posts\/8862","targetHints":{"allow":["GET"]}}],"collection":[{"href":"https:\/\/portaldeyoung.uy\/index.php\/wp-json\/wp\/v2\/posts"}],"about":[{"href":"https:\/\/portaldeyoung.uy\/index.php\/wp-json\/wp\/v2\/types\/post"}],"author":[{"embeddable":true,"href":"https:\/\/portaldeyoung.uy\/index.php\/wp-json\/wp\/v2\/users\/1"}],"replies":[{"embeddable":true,"href":"https:\/\/portaldeyoung.uy\/index.php\/wp-json\/wp\/v2\/comments?post=8862"}],"version-history":[{"count":1,"href":"https:\/\/portaldeyoung.uy\/index.php\/wp-json\/wp\/v2\/posts\/8862\/revisions"}],"predecessor-version":[{"id":8864,"href":"https:\/\/portaldeyoung.uy\/index.php\/wp-json\/wp\/v2\/posts\/8862\/revisions\/8864"}],"wp:featuredmedia":[{"embeddable":true,"href":"https:\/\/portaldeyoung.uy\/index.php\/wp-json\/wp\/v2\/media\/8863"}],"wp:attachment":[{"href":"https:\/\/portaldeyoung.uy\/index.php\/wp-json\/wp\/v2\/media?parent=8862"}],"wp:term":[{"taxonomy":"category","embeddable":true,"href":"https:\/\/portaldeyoung.uy\/index.php\/wp-json\/wp\/v2\/categories?post=8862"},{"taxonomy":"post_tag","embeddable":true,"href":"https:\/\/portaldeyoung.uy\/index.php\/wp-json\/wp\/v2\/tags?post=8862"}],"curies":[{"name":"wp","href":"https:\/\/api.w.org\/{rel}","templated":true}]}}