{"id":8847,"date":"2026-03-05T20:28:22","date_gmt":"2026-03-05T20:28:22","guid":{"rendered":"https:\/\/portaldeyoung.uy\/?p=8847"},"modified":"2026-03-11T11:37:17","modified_gmt":"2026-03-11T11:37:17","slug":"presidente-orsi-inauguro-cosecha-de-girasol-en-young","status":"publish","type":"post","link":"https:\/\/portaldeyoung.uy\/index.php\/2026\/03\/05\/presidente-orsi-inauguro-cosecha-de-girasol-en-young\/","title":{"rendered":"Presidente Orsi inaugur\u00f3 cosecha de girasol en Young"},"content":{"rendered":"\n<p>La producci\u00f3n de girasol ocupa 25.000 hect\u00e1reas en Uruguay y su principal destino es la industria nacional. Su crecimiento y el aumento del volumen de producci\u00f3n permiten a los productores pensar en una apertura al mercado exportador. El presidente Yamand\u00fa Orsi conoci\u00f3 de primera mano el proceso durante su visita e intercambi\u00f3 con agricultores de la zona.<\/p>\n\n\n\n<p>El presidente de la Rep\u00fablica, <strong>Yamand\u00fa Orsi,<\/strong> particip\u00f3, junto con los directivos de la <strong>Cooperativa Agraria Nacional (Copagran)<\/strong> y autoridades nacionales y departamentales, en la <strong>inauguraci\u00f3n de la cosecha de cultivos de verano, edici\u00f3n girasol 2026.<\/strong><\/p>\n\n\n\n<p>En la actividad, realizada en el establecimiento del productor Klaus Hartwich en Young, el director de Servicios Agr\u00edcolas del Ministerio de Ganader\u00eda, Agricultura y Pesca (MGAP), <strong>Agust\u00edn Giudice,<\/strong> asegur\u00f3 que <strong>el cooperativismo es una opci\u00f3n por sus valores y sus pr\u00e1cticas<\/strong> y record\u00f3 a las cooperativas pioneras que, con su esfuerzo y visi\u00f3n, sentaron las bases de lo que hoy es Copagran.<\/p>\n\n\n\n<figure class=\"wp-block-image size-large\"><img loading=\"lazy\" decoding=\"async\" width=\"1024\" height=\"681\" src=\"https:\/\/portaldeyoung.uy\/wp-content\/uploads\/2026\/03\/Girasol-Cosecha-1-1024x681.jpeg\" alt=\"\" class=\"wp-image-8850\" srcset=\"https:\/\/portaldeyoung.uy\/wp-content\/uploads\/2026\/03\/Girasol-Cosecha-1-1024x681.jpeg 1024w, https:\/\/portaldeyoung.uy\/wp-content\/uploads\/2026\/03\/Girasol-Cosecha-1-300x200.jpeg 300w, https:\/\/portaldeyoung.uy\/wp-content\/uploads\/2026\/03\/Girasol-Cosecha-1-768x511.jpeg 768w, https:\/\/portaldeyoung.uy\/wp-content\/uploads\/2026\/03\/Girasol-Cosecha-1.jpeg 1200w\" sizes=\"auto, (max-width: 1024px) 100vw, 1024px\" \/><\/figure>\n\n\n\n<p>El jerarca consider\u00f3 que el girasol es \u201cun cultivo de resistencia y confianza\u201d. D\u00e9cadas atr\u00e1s, fue uno de los motores de las colonias agr\u00edcolas. \u201cHoy, impulsado por el campo uruguayo, este girasol tiene memoria y futuro. <strong>Estamos cosechando el resultado de una estrategia que busca darle al productor opciones competitivas y sostenibles, y que aporta a la industria materia prima que agrega valor.<\/strong> Es una cadena que mueve al pa\u00eds\u201d, indic\u00f3 Giudice.<\/p>\n\n\n\n<h3 class=\"wp-block-heading\">Un modelo de producci\u00f3n con compromiso colectivo<\/h3>\n\n\n\n<p>El intendente de R\u00edo Negro, <strong>Guillermo Levratto,<\/strong> sostuvo, en su oratoria, que \u201ccada hect\u00e1rea sembrada tiene a muchas familias detr\u00e1s\u201d, as\u00ed como \u201cuna forma de habitar y de defender el territorio\u201d. El jerarca concibi\u00f3 esta cosecha como el resultado de meses de trabajo en un departamento productivo, basado en el cooperativismo, que defini\u00f3 como un modelo de producci\u00f3n que exige esfuerzo, organizaci\u00f3n, conocimiento y compromiso colectivo.<\/p>\n\n\n\n<p>Record\u00f3 que la vocaci\u00f3n del Ejecutivo departamental es transformar el territorio, en di\u00e1logo con cada sector productivo y acompa\u00f1ando cada cadena de valor. Remarc\u00f3 que el empleo de calidad es un asunto innegociable para un gobierno de cercan\u00eda. Por otra parte, afirm\u00f3: <strong>\u201cDefendemos un Estado que invierte en infraestructura, mejora los caminos rurales, fortalece la log\u00edstica, apuesta a la capacitaci\u00f3n y crea las condiciones para que la riqueza generada en este territorio permanezca en \u00e9l\u201d<\/strong>.<\/p>\n\n\n\n<figure class=\"wp-block-image size-large\"><img loading=\"lazy\" decoding=\"async\" width=\"1024\" height=\"681\" src=\"https:\/\/portaldeyoung.uy\/wp-content\/uploads\/2026\/03\/Girasol-Cosecha-2-1024x681.jpeg\" alt=\"\" class=\"wp-image-8852\" srcset=\"https:\/\/portaldeyoung.uy\/wp-content\/uploads\/2026\/03\/Girasol-Cosecha-2-1024x681.jpeg 1024w, https:\/\/portaldeyoung.uy\/wp-content\/uploads\/2026\/03\/Girasol-Cosecha-2-300x200.jpeg 300w, https:\/\/portaldeyoung.uy\/wp-content\/uploads\/2026\/03\/Girasol-Cosecha-2-768x511.jpeg 768w, https:\/\/portaldeyoung.uy\/wp-content\/uploads\/2026\/03\/Girasol-Cosecha-2.jpeg 1200w\" sizes=\"auto, (max-width: 1024px) 100vw, 1024px\" \/><\/figure>\n\n\n\n<h3 class=\"wp-block-heading\">El futuro de un sector con resultados prometedores<\/h3>\n\n\n\n<p><strong>Esta zafra abarca unas 25.000 hect\u00e1reas en el pa\u00eds, de las cuales Copagran posee m\u00e1s del 50%<\/strong>. <strong>El destino de la producci\u00f3n es la industria nacional.<\/strong> Luego de problemas sanitarios que pr\u00e1cticamente sentenciaron el cultivo de girasoles, la promoci\u00f3n del rubro retorn\u00f3 en los \u00faltimos seis a\u00f1os, con un crecimiento sustantivo debido a los buenos resultados econ\u00f3micos. A esto, se suman los beneficios de agregar otro cultivo a la rotaci\u00f3n de la tierra, que permite la diversificaci\u00f3n de riesgos y mercados, adem\u00e1s de ser mejor para el ambiente, explic\u00f3 el titular de la cooperativa, <strong>Juan Manuel Garc\u00eda.<\/strong><\/p>\n\n\n\n<p><strong>En la medida en que siga aumentando el volumen de la producci\u00f3n, el mercado se podr\u00eda abrir a la exportaci\u00f3n,<\/strong> indic\u00f3 Garc\u00eda, quien destac\u00f3 la comunicaci\u00f3n fluida del organismo con el Gobierno, con nuevas alternativas y posibilidades de abrir mercados potenciales.<\/p>\n\n\n\n<figure class=\"wp-block-image size-large\"><img loading=\"lazy\" decoding=\"async\" width=\"1024\" height=\"681\" src=\"https:\/\/portaldeyoung.uy\/wp-content\/uploads\/2026\/03\/Girasol-Cosecha-3-1024x681.jpeg\" alt=\"\" class=\"wp-image-8853\" srcset=\"https:\/\/portaldeyoung.uy\/wp-content\/uploads\/2026\/03\/Girasol-Cosecha-3-1024x681.jpeg 1024w, https:\/\/portaldeyoung.uy\/wp-content\/uploads\/2026\/03\/Girasol-Cosecha-3-300x200.jpeg 300w, https:\/\/portaldeyoung.uy\/wp-content\/uploads\/2026\/03\/Girasol-Cosecha-3-768x511.jpeg 768w, https:\/\/portaldeyoung.uy\/wp-content\/uploads\/2026\/03\/Girasol-Cosecha-3.jpeg 1200w\" sizes=\"auto, (max-width: 1024px) 100vw, 1024px\" \/><\/figure>\n\n\n\n<p>*Fuente Presidencia de la Rep\u00fablica<\/p>\n","protected":false},"excerpt":{"rendered":"<p>La producci\u00f3n de girasol ocupa 25.000 hect\u00e1reas en Uruguay y su principal destino es la industria nacional. Su crecimiento y el aumento del volumen de<\/p>\n","protected":false},"author":1,"featured_media":8848,"comment_status":"closed","ping_status":"open","sticky":false,"template":"","format":"standard","meta":{"advgb_blocks_editor_width":"","advgb_blocks_columns_visual_guide":"","footnotes":"","jetpack_publicize_message":"La producci\u00f3n de girasol ocupa 25.000 hect\u00e1reas en Uruguay y su principal destino es la industria nacional. Su crecimiento y el aumento del ...Lee la nota completa\ud83d\udc47","jetpack_publicize_feature_enabled":true,"jetpack_social_post_already_shared":false,"jetpack_social_options":{"image_generator_settings":{"template":"highway","default_image_id":0,"font":"","enabled":false},"version":2}},"categories":[28],"tags":[],"class_list":["post-8847","post","type-post","status-publish","format-standard","has-post-thumbnail","hentry","category-de-la-ciudad"],"author_meta":{"display_name":"Portal","author_link":"https:\/\/portaldeyoung.uy\/index.php\/author\/admin_port\/"},"featured_img":"https:\/\/portaldeyoung.uy\/wp-content\/uploads\/2026\/03\/ORSI-Girasol-300x200.jpeg","jetpack_publicize_connections":[],"coauthors":[],"tax_additional":{"categories":{"linked":["<a href=\"https:\/\/portaldeyoung.uy\/index.php\/category\/de-la-ciudad\/\" class=\"advgb-post-tax-term\">De la ciudad<\/a>"],"unlinked":["<span class=\"advgb-post-tax-term\">De la ciudad<\/span>"]}},"comment_count":"0","relative_dates":{"created":"Publicado 2 meses hace","modified":"Actualizado 2 meses hace"},"absolute_dates":{"created":"Publicado el marzo 5, 2026","modified":"Actualizado el marzo 11, 2026"},"absolute_dates_time":{"created":"Publicado el marzo 5, 2026 8:28 pm","modified":"Actualizado el marzo 11, 2026 11:37 am"},"featured_img_caption":"","series_order":"","_links":{"self":[{"href":"https:\/\/portaldeyoung.uy\/index.php\/wp-json\/wp\/v2\/posts\/8847","targetHints":{"allow":["GET"]}}],"collection":[{"href":"https:\/\/portaldeyoung.uy\/index.php\/wp-json\/wp\/v2\/posts"}],"about":[{"href":"https:\/\/portaldeyoung.uy\/index.php\/wp-json\/wp\/v2\/types\/post"}],"author":[{"embeddable":true,"href":"https:\/\/portaldeyoung.uy\/index.php\/wp-json\/wp\/v2\/users\/1"}],"replies":[{"embeddable":true,"href":"https:\/\/portaldeyoung.uy\/index.php\/wp-json\/wp\/v2\/comments?post=8847"}],"version-history":[{"count":3,"href":"https:\/\/portaldeyoung.uy\/index.php\/wp-json\/wp\/v2\/posts\/8847\/revisions"}],"predecessor-version":[{"id":8855,"href":"https:\/\/portaldeyoung.uy\/index.php\/wp-json\/wp\/v2\/posts\/8847\/revisions\/8855"}],"wp:featuredmedia":[{"embeddable":true,"href":"https:\/\/portaldeyoung.uy\/index.php\/wp-json\/wp\/v2\/media\/8848"}],"wp:attachment":[{"href":"https:\/\/portaldeyoung.uy\/index.php\/wp-json\/wp\/v2\/media?parent=8847"}],"wp:term":[{"taxonomy":"category","embeddable":true,"href":"https:\/\/portaldeyoung.uy\/index.php\/wp-json\/wp\/v2\/categories?post=8847"},{"taxonomy":"post_tag","embeddable":true,"href":"https:\/\/portaldeyoung.uy\/index.php\/wp-json\/wp\/v2\/tags?post=8847"}],"curies":[{"name":"wp","href":"https:\/\/api.w.org\/{rel}","templated":true}]}}