{"id":8815,"date":"2026-03-05T08:59:47","date_gmt":"2026-03-05T08:59:47","guid":{"rendered":"https:\/\/portaldeyoung.uy\/?p=8815"},"modified":"2026-03-06T10:34:50","modified_gmt":"2026-03-06T10:34:50","slug":"convocatoria-abierta-agenda-oficial-semana-de-turismo-2026","status":"publish","type":"post","link":"https:\/\/portaldeyoung.uy\/index.php\/2026\/03\/05\/convocatoria-abierta-agenda-oficial-semana-de-turismo-2026\/","title":{"rendered":"CONVOCATORIA ABIERTA Agenda Oficial Semana de Turismo 2026"},"content":{"rendered":"\n<p>Desde la Intendencia de R\u00edo Negro realizan convocatoria a operadores tur\u00edsticos, emprendedores e instituciones a sumarse a \u00abDestino R\u00edo Negro\u00bb<\/p>\n\n\n\n<p><strong>Convocatoria \u2013 Semana de Turismo 2026<\/strong><br>S\u00e1bado, 28 de marzo de 2026 al Domingo, 5 de abril de 2026.<br>Destino R\u00edo Negro.<\/p>\n\n\n\n<p>Desde la Direcci\u00f3n General de Turismo de la Intendencia de R\u00edo Negro nos encontramos trabajando en la estructuraci\u00f3n de la Agenda de Semana de Turismo 2026, uno de los momentos clave del a\u00f1o para el posicionamiento y la dinamizaci\u00f3n del Destino Rio Negro.<\/p>\n\n\n\n<p>En este marco, convocamos a operadores tur\u00edsticos, prestadores de servicios, emprendimientos, instituciones y organizadores de actividades de Fray Bentos, Las Ca\u00f1as, Nuevo Berl\u00edn, San Javier y Young, a integrar una programaci\u00f3n articulada y conjunta, que fortalezca la oferta territorial y potencie el impacto econ\u00f3mico en cada localidad.<\/p>\n\n\n\n<p>Buscamos:<\/p>\n\n\n\n<p>\u2013 Consolidar una Agenda diversa y atractiva que genere mayor permanencia de visitantes en R\u00edo Negro.<br>\u2013 Coordinar esfuerzos de promoci\u00f3n bajo una identidad com\u00fan.<br>\u2013 Brindar informaci\u00f3n clara y accesible al visitante.<br>Invitamos a sumar experiencias culturales, recreativas, deportivas, gastron\u00f3micas, de naturaleza; asi como promociones especiales, visitas guiadas e iniciativas que contribuyan a enriquecer la propuesta del destino.<\/p>\n\n\n\n<p>Es importante que la informaci\u00f3n enviada sea clara y definitiva, ya que ser\u00e1 publicada tal como se env\u00eda. Se solicita revisar ortograf\u00eda y datos antes de enviar.<\/p>\n\n\n\n<p>Para integrar la Agenda oficial deben enviar:<\/p>\n\n\n\n<p>\u2013 Nombre de la actividad o promoci\u00f3n.<br>\u2013 Localidad.<br>\u2013 Descripci\u00f3n breve (m\u00e1ximo 4 l\u00edneas)<br>\u2013 Fecha\/s y horario\/s.<br>\u2013 Precio (si corresponde).<br>\u2013 Cupo m\u00e1ximo.<br>\u2013 Modalidad de reserva.<br>\u2013 Datos de contacto (tel\u00e9fono, WhatsApp, redes).<br>\u2013 Punto de encuentro (si aplica).<\/p>\n\n\n\n<p>Se debe informar, adem\u00e1s:<\/p>\n\n\n\n<p>\u2013 Si cuenta con las habilitaciones correspondientes: Bromatolog\u00eda, Electricidad, Tr\u00e1nsito, Prefectura, entre otras (expresarlo bajo la responsabilidad del informante).<br>\u2013 Auspicios o apoyos recibidos (p\u00fablicos y\/o privados).<\/p>\n\n\n\n<p><strong>Fecha l\u00edmite para recepci\u00f3n de propuestas: 10 de marzo de 2026.<\/strong><\/p>\n\n\n\n<p>Las propuestas deber\u00e1n enviarse al correo: agenda@rionegro.gub.uy La Agenda consolidada ser\u00e1 difundida a trav\u00e9s de los canales oficiales (web institucional, web de destino, redes sociales, prensa y canal de WhatsApp), promoviendo de forma conjunta la programaci\u00f3n del destino.<\/p>\n\n\n\n<p>Creemos que el trabajo articulado es la mejor herramienta para fortalecer el turismo. Los invitamos a ser parte de esta construcci\u00f3n que posiciona a R\u00edo Negro como un destino din\u00e1mico, organizado y en crecimiento. Quedamos a disposici\u00f3n para acompa\u00f1ar el proceso.<\/p>\n","protected":false},"excerpt":{"rendered":"<p>Desde la Intendencia de R\u00edo Negro realizan convocatoria a operadores tur\u00edsticos, emprendedores e instituciones a sumarse a \u00abDestino R\u00edo Negro\u00bb Convocatoria \u2013 Semana de Turismo<\/p>\n","protected":false},"author":1,"featured_media":8816,"comment_status":"closed","ping_status":"open","sticky":false,"template":"","format":"standard","meta":{"advgb_blocks_editor_width":"","advgb_blocks_columns_visual_guide":"","footnotes":"","jetpack_publicize_message":"Desde la Intendencia de R\u00edo Negro realizan convocatoria a operadores tur\u00edsticos, emprendedores e instituciones a sumarse a \"Destino R\u00edo Negro\" ...Lee la nota completa\ud83d\udc47","jetpack_publicize_feature_enabled":true,"jetpack_social_post_already_shared":false,"jetpack_social_options":{"image_generator_settings":{"template":"highway","default_image_id":0,"font":"","enabled":false},"version":2}},"categories":[29],"tags":[],"class_list":["post-8815","post","type-post","status-publish","format-standard","has-post-thumbnail","hentry","category-del-territorio"],"author_meta":{"display_name":"Portal","author_link":"https:\/\/portaldeyoung.uy\/index.php\/author\/admin_port\/"},"featured_img":"https:\/\/portaldeyoung.uy\/wp-content\/uploads\/2026\/03\/convocatoria-turismo-300x169.jpeg","jetpack_publicize_connections":[],"coauthors":[],"tax_additional":{"categories":{"linked":["<a href=\"https:\/\/portaldeyoung.uy\/index.php\/category\/del-territorio\/\" class=\"advgb-post-tax-term\">Del territorio<\/a>"],"unlinked":["<span class=\"advgb-post-tax-term\">Del territorio<\/span>"]}},"comment_count":"0","relative_dates":{"created":"Publicado 2 meses hace","modified":"Actualizado 2 meses hace"},"absolute_dates":{"created":"Publicado el marzo 5, 2026","modified":"Actualizado el marzo 6, 2026"},"absolute_dates_time":{"created":"Publicado el marzo 5, 2026 8:59 am","modified":"Actualizado el marzo 6, 2026 10:34 am"},"featured_img_caption":"","series_order":"","_links":{"self":[{"href":"https:\/\/portaldeyoung.uy\/index.php\/wp-json\/wp\/v2\/posts\/8815","targetHints":{"allow":["GET"]}}],"collection":[{"href":"https:\/\/portaldeyoung.uy\/index.php\/wp-json\/wp\/v2\/posts"}],"about":[{"href":"https:\/\/portaldeyoung.uy\/index.php\/wp-json\/wp\/v2\/types\/post"}],"author":[{"embeddable":true,"href":"https:\/\/portaldeyoung.uy\/index.php\/wp-json\/wp\/v2\/users\/1"}],"replies":[{"embeddable":true,"href":"https:\/\/portaldeyoung.uy\/index.php\/wp-json\/wp\/v2\/comments?post=8815"}],"version-history":[{"count":1,"href":"https:\/\/portaldeyoung.uy\/index.php\/wp-json\/wp\/v2\/posts\/8815\/revisions"}],"predecessor-version":[{"id":8817,"href":"https:\/\/portaldeyoung.uy\/index.php\/wp-json\/wp\/v2\/posts\/8815\/revisions\/8817"}],"wp:featuredmedia":[{"embeddable":true,"href":"https:\/\/portaldeyoung.uy\/index.php\/wp-json\/wp\/v2\/media\/8816"}],"wp:attachment":[{"href":"https:\/\/portaldeyoung.uy\/index.php\/wp-json\/wp\/v2\/media?parent=8815"}],"wp:term":[{"taxonomy":"category","embeddable":true,"href":"https:\/\/portaldeyoung.uy\/index.php\/wp-json\/wp\/v2\/categories?post=8815"},{"taxonomy":"post_tag","embeddable":true,"href":"https:\/\/portaldeyoung.uy\/index.php\/wp-json\/wp\/v2\/tags?post=8815"}],"curies":[{"name":"wp","href":"https:\/\/api.w.org\/{rel}","templated":true}]}}