{"id":8803,"date":"2026-03-05T08:44:06","date_gmt":"2026-03-05T08:44:06","guid":{"rendered":"https:\/\/portaldeyoung.uy\/?p=8803"},"modified":"2026-03-05T08:44:09","modified_gmt":"2026-03-05T08:44:09","slug":"tres-colegios-uruguayos-comienzan-a-bloquear-celulares-en-clase-con-sistema-motived","status":"publish","type":"post","link":"https:\/\/portaldeyoung.uy\/index.php\/2026\/03\/05\/tres-colegios-uruguayos-comienzan-a-bloquear-celulares-en-clase-con-sistema-motived\/","title":{"rendered":"Tres colegios uruguayos comienzan a bloquear celulares en clase con sistema Motived"},"content":{"rendered":"\n<p>El programa busca mejorar la atenci\u00f3n y la convivencia escolar mediante fundas magn\u00e9ticas que bloquean los tel\u00e9fonos.<\/p>\n\n\n\n<p>Motived desembarc\u00f3 en Uruguay en este comienzo de clases, con una propuesta que apunta a recuperar la concentraci\u00f3n y fortalecer los v\u00ednculos dentro de los centros educativos.<\/p>\n\n\n\n<p>Seg\u00fan explic\u00f3 su cofundador, Nicol\u00e1s Vi\u00f1ales a <strong>Informativo Uruguay<\/strong>, se trata de un programa institucional que combina una herramienta operativa con una plataforma formativa para estudiantes, docentes y familias.<\/p>\n\n\n\n<p>Vi\u00f1ales se\u00f1al\u00f3 que el objetivo no es prohibir, sino establecer reglas de convivencia que protejan los espacios educativos. \u201cQueremos recuperar el aula como un espacio de atenci\u00f3n, aprendizaje y v\u00ednculo humano\u201d, afirm\u00f3, y destac\u00f3 que el sistema es flexible y adaptable a cada instituci\u00f3n, permitiendo definir cu\u00e1ndo bloquear y desbloquear los dispositivos.<\/p>\n\n\n\n<p>La implementaci\u00f3n comenz\u00f3 esta semana en tres colegios: San Juan Bautista, Preuniversitario de Montevideo y Colegio Santa Elena, alcanzando a m\u00e1s de 600 alumnos.<\/p>\n\n\n\n<p>Vi\u00f1ales indic\u00f3 a <strong>Informativo Uruguay<\/strong>&nbsp;que el primer balance se realizar\u00e1 a los 30 d\u00edas y luego a los 90, cuando esperan contar con datos m\u00e1s completos sobre el impacto en la atenci\u00f3n, la participaci\u00f3n en clase y la convivencia.<\/p>\n\n\n\n<p>Seg\u00fan las pruebas PISA de 2022, Uruguay figura entre los pa\u00edses con mayor nivel de distracci\u00f3n por uso de celular en clase: el 52% de los estudiantes de 15 a\u00f1os declar\u00f3 distraerse con su tel\u00e9fono o el de un compa\u00f1ero.<\/p>\n\n\n\n<p>Por el momento, Motived se ofrece a instituciones educativas, aunque no descartan en el futuro dialogar con autoridades y explorar soluciones tambi\u00e9n para el \u00e1mbito familiar.<\/p>\n","protected":false},"excerpt":{"rendered":"<p>El programa busca mejorar la atenci\u00f3n y la convivencia escolar mediante fundas magn\u00e9ticas que bloquean los tel\u00e9fonos. Motived desembarc\u00f3 en Uruguay en este comienzo de<\/p>\n","protected":false},"author":1,"featured_media":8804,"comment_status":"closed","ping_status":"open","sticky":false,"template":"","format":"standard","meta":{"advgb_blocks_editor_width":"","advgb_blocks_columns_visual_guide":"","footnotes":"","jetpack_publicize_message":"El programa busca mejorar la atenci\u00f3n y la convivencia escolar mediante fundas magn\u00e9ticas que bloquean los tel\u00e9fonos ...Lee la nota completa\ud83d\udc47","jetpack_publicize_feature_enabled":true,"jetpack_social_post_already_shared":false,"jetpack_social_options":{"image_generator_settings":{"template":"highway","default_image_id":0,"font":"","enabled":false},"version":2}},"categories":[7],"tags":[],"class_list":["post-8803","post","type-post","status-publish","format-standard","has-post-thumbnail","hentry","category-del-pais"],"author_meta":{"display_name":"Portal","author_link":"https:\/\/portaldeyoung.uy\/index.php\/author\/admin_port\/"},"featured_img":"https:\/\/portaldeyoung.uy\/wp-content\/uploads\/2026\/03\/sistema-de-fundas-300x153.png","jetpack_publicize_connections":[],"coauthors":[],"tax_additional":{"categories":{"linked":["<a href=\"https:\/\/portaldeyoung.uy\/index.php\/category\/del-pais\/\" class=\"advgb-post-tax-term\">Del pa\u00eds<\/a>"],"unlinked":["<span class=\"advgb-post-tax-term\">Del pa\u00eds<\/span>"]}},"comment_count":"0","relative_dates":{"created":"Publicado 2 meses hace","modified":"Actualizado 2 meses hace"},"absolute_dates":{"created":"Publicado el marzo 5, 2026","modified":"Actualizado el marzo 5, 2026"},"absolute_dates_time":{"created":"Publicado el marzo 5, 2026 8:44 am","modified":"Actualizado el marzo 5, 2026 8:44 am"},"featured_img_caption":"","series_order":"","_links":{"self":[{"href":"https:\/\/portaldeyoung.uy\/index.php\/wp-json\/wp\/v2\/posts\/8803","targetHints":{"allow":["GET"]}}],"collection":[{"href":"https:\/\/portaldeyoung.uy\/index.php\/wp-json\/wp\/v2\/posts"}],"about":[{"href":"https:\/\/portaldeyoung.uy\/index.php\/wp-json\/wp\/v2\/types\/post"}],"author":[{"embeddable":true,"href":"https:\/\/portaldeyoung.uy\/index.php\/wp-json\/wp\/v2\/users\/1"}],"replies":[{"embeddable":true,"href":"https:\/\/portaldeyoung.uy\/index.php\/wp-json\/wp\/v2\/comments?post=8803"}],"version-history":[{"count":1,"href":"https:\/\/portaldeyoung.uy\/index.php\/wp-json\/wp\/v2\/posts\/8803\/revisions"}],"predecessor-version":[{"id":8805,"href":"https:\/\/portaldeyoung.uy\/index.php\/wp-json\/wp\/v2\/posts\/8803\/revisions\/8805"}],"wp:featuredmedia":[{"embeddable":true,"href":"https:\/\/portaldeyoung.uy\/index.php\/wp-json\/wp\/v2\/media\/8804"}],"wp:attachment":[{"href":"https:\/\/portaldeyoung.uy\/index.php\/wp-json\/wp\/v2\/media?parent=8803"}],"wp:term":[{"taxonomy":"category","embeddable":true,"href":"https:\/\/portaldeyoung.uy\/index.php\/wp-json\/wp\/v2\/categories?post=8803"},{"taxonomy":"post_tag","embeddable":true,"href":"https:\/\/portaldeyoung.uy\/index.php\/wp-json\/wp\/v2\/tags?post=8803"}],"curies":[{"name":"wp","href":"https:\/\/api.w.org\/{rel}","templated":true}]}}