{"id":876,"date":"2025-06-30T10:05:14","date_gmt":"2025-06-30T10:05:14","guid":{"rendered":"https:\/\/portaldeyoung.uy\/?p=876"},"modified":"2025-06-30T10:10:53","modified_gmt":"2025-06-30T10:10:53","slug":"opp-promovera-que-intendencias-deban-hacer-transferencia-inmediata-de-partidas-de-municipios","status":"publish","type":"post","link":"https:\/\/portaldeyoung.uy\/index.php\/2025\/06\/30\/opp-promovera-que-intendencias-deban-hacer-transferencia-inmediata-de-partidas-de-municipios\/","title":{"rendered":"OPP promover\u00e1 que intendencias deban hacer transferencia inmediata de partidas de municipios"},"content":{"rendered":"\n<p>El subdirector de la Oficina de Planeamiento y Presupuesto (OPP) Jorge Polgar y el coordinador de Descentralizaci\u00f3n Jos\u00e9 Manuel Arenas desarrollaron una intensa agenda en Paysand\u00fa, incluyendo encuentros con el intendente electo Nicol\u00e1s Olivera y la intendente Nancy N\u00fa\u00f1ez. Aseguraron que la OPP aspira a que las partidas destinadas a los municipios, que les llegan por las intendencias, deban ser con transferencia inmediata, evitando los enfrentamientos que se ha verificado en per\u00edodos anteriores entre ambos niveles de gobierno. Aseguraron que la OPP \u201cle est\u00e1 dando gran importancia a la descentralizaci\u00f3n.<\/p>\n\n\n\n<p>En la Comisi\u00f3n Sectorial de Descentralizaci\u00f3n, creada por la Constituci\u00f3n, los cinco ministerios que la integran, lo hacen con sus ministros. Otra formalidad de impacto en nuestro criterio de descentralizaci\u00f3n es haber integrado un cargo que estuvo vacante, con Jos\u00e9 Manuel Arenas\u201d.&nbsp;<\/p>\n\n\n\n<p>Destacaron que es intenci\u00f3n de la OPP \u201cir al encuentro de todos los intendentes electos el 11 de mayo pasado, porque a partir de que asuman, tendr\u00e1n 20 d\u00edas, a trav\u00e9s de la Comisi\u00f3n Sectorial de Descentralizaci\u00f3n y el Poder Ejecutivo para alcanzar un acuerdo sobre el marco de transferencias. Lo que pretendemos es lograr un entendimiento, porque estamos absolutamente convencidos que del trabajo conjunto del gobierno nacional con los gobiernos departamentales y con los municipales, se concretar\u00e1n las mejores obras y mayores servicios\u201d.<\/p>\n\n\n\n<p><em>*El Tel\u00e9grafo<\/em><\/p>\n","protected":false},"excerpt":{"rendered":"<p>El subdirector de la Oficina de Planeamiento y Presupuesto (OPP) Jorge Polgar y el coordinador de Descentralizaci\u00f3n Jos\u00e9 Manuel Arenas desarrollaron una intensa agenda en<\/p>\n","protected":false},"author":1,"featured_media":877,"comment_status":"open","ping_status":"open","sticky":false,"template":"","format":"standard","meta":{"advgb_blocks_editor_width":"","advgb_blocks_columns_visual_guide":"","footnotes":"","jetpack_publicize_message":"","jetpack_publicize_feature_enabled":true,"jetpack_social_post_already_shared":true,"jetpack_social_options":{"image_generator_settings":{"template":"highway","default_image_id":0,"font":"","enabled":false},"version":2}},"categories":[7],"tags":[],"class_list":["post-876","post","type-post","status-publish","format-standard","has-post-thumbnail","hentry","category-del-pais"],"author_meta":{"display_name":"Portal","author_link":"https:\/\/portaldeyoung.uy\/index.php\/author\/admin_port\/"},"featured_img":"https:\/\/portaldeyoung.uy\/wp-content\/uploads\/2025\/06\/OPP-300x169.jpeg","jetpack_publicize_connections":[],"coauthors":[],"tax_additional":{"categories":{"linked":["<a href=\"https:\/\/portaldeyoung.uy\/index.php\/category\/del-pais\/\" class=\"advgb-post-tax-term\">Del pa\u00eds<\/a>"],"unlinked":["<span class=\"advgb-post-tax-term\">Del pa\u00eds<\/span>"]}},"comment_count":"0","relative_dates":{"created":"Publicado 10 meses hace","modified":"Actualizado 10 meses hace"},"absolute_dates":{"created":"Publicado el junio 30, 2025","modified":"Actualizado el junio 30, 2025"},"absolute_dates_time":{"created":"Publicado el junio 30, 2025 10:05 am","modified":"Actualizado el junio 30, 2025 10:10 am"},"featured_img_caption":"","series_order":"","_links":{"self":[{"href":"https:\/\/portaldeyoung.uy\/index.php\/wp-json\/wp\/v2\/posts\/876","targetHints":{"allow":["GET"]}}],"collection":[{"href":"https:\/\/portaldeyoung.uy\/index.php\/wp-json\/wp\/v2\/posts"}],"about":[{"href":"https:\/\/portaldeyoung.uy\/index.php\/wp-json\/wp\/v2\/types\/post"}],"author":[{"embeddable":true,"href":"https:\/\/portaldeyoung.uy\/index.php\/wp-json\/wp\/v2\/users\/1"}],"replies":[{"embeddable":true,"href":"https:\/\/portaldeyoung.uy\/index.php\/wp-json\/wp\/v2\/comments?post=876"}],"version-history":[{"count":2,"href":"https:\/\/portaldeyoung.uy\/index.php\/wp-json\/wp\/v2\/posts\/876\/revisions"}],"predecessor-version":[{"id":882,"href":"https:\/\/portaldeyoung.uy\/index.php\/wp-json\/wp\/v2\/posts\/876\/revisions\/882"}],"wp:featuredmedia":[{"embeddable":true,"href":"https:\/\/portaldeyoung.uy\/index.php\/wp-json\/wp\/v2\/media\/877"}],"wp:attachment":[{"href":"https:\/\/portaldeyoung.uy\/index.php\/wp-json\/wp\/v2\/media?parent=876"}],"wp:term":[{"taxonomy":"category","embeddable":true,"href":"https:\/\/portaldeyoung.uy\/index.php\/wp-json\/wp\/v2\/categories?post=876"},{"taxonomy":"post_tag","embeddable":true,"href":"https:\/\/portaldeyoung.uy\/index.php\/wp-json\/wp\/v2\/tags?post=876"}],"curies":[{"name":"wp","href":"https:\/\/api.w.org\/{rel}","templated":true}]}}