{"id":8158,"date":"2026-02-09T05:15:00","date_gmt":"2026-02-09T05:15:00","guid":{"rendered":"https:\/\/portaldeyoung.uy\/?p=8158"},"modified":"2026-02-08T23:23:09","modified_gmt":"2026-02-08T23:23:09","slug":"fiesta-de-la-patria-gaucha-reunira-a-30-sociedades-criollas-en-tacuarembo","status":"publish","type":"post","link":"https:\/\/portaldeyoung.uy\/index.php\/2026\/02\/09\/fiesta-de-la-patria-gaucha-reunira-a-30-sociedades-criollas-en-tacuarembo\/","title":{"rendered":"Fiesta de la Patria Gaucha reunir\u00e1 a 30 sociedades criollas en Tacuaremb\u00f3"},"content":{"rendered":"\n<p>El Ministerio de Turismo y la Intendencia de Tacuaremb\u00f3 presentaron una nueva edici\u00f3n de la Patria Gaucha que, desde el 7 hasta el 15 de marzo, reunir\u00e1 a 30 sociedades criollas y presentar\u00e1 eventos y actividades art\u00edsticas. El titular de la cartera, Pablo Menoni, destac\u00f3 a esta instancia como un eje estrat\u00e9gico que conjuga al agro y al turismo, sectores que en 2025 generaron ingresos superiores a los 2.000 millones de d\u00f3lares.<\/p>\n\n\n\n<p>En su intervenci\u00f3n, <strong>Menoni<\/strong> defini\u00f3 a la <strong>Fiesta de la Patria Gaucha<\/strong> como un espacio donde <strong>conjugan los dos sectores productivos m\u00e1s importantes del pa\u00eds: el agro y el turismo<\/strong>. En esa l\u00ednea, afirm\u00f3 que el agro y su tradici\u00f3n permite mostrar tanto a los locales como a los extranjeros los or\u00edgenes de la \u201corientalidad\u201d y el esfuerzo de quienes hacen de la producci\u00f3n rural un pilar econ\u00f3mico.<\/p>\n\n\n\n<p>Asimismo, indic\u00f3 que <strong>el turismo funciona como un motor equivalente para la econom\u00eda nacional<\/strong>. Al respecto, record\u00f3 que en el a\u00f1o 2025 el sector super\u00f3 los 2.000 millones de d\u00f3lares en ingresos de divisas, cifras que posiciona a esa temporada en un nivel cercano a las exportaciones de carne, que permitieron el ingreso de divisas por unos 2.400 millones de d\u00f3lares.<\/p>\n\n\n\n<p>\u201cLo que buscamos desde el punto de vista tur\u00edstico es brindar experiencias\u201d, asegur\u00f3 el jerarca. Enfatiz\u00f3 que el objetivo principal es que <strong>los visitantes extranjeros conecten con la identidad y tradiciones uruguayas<\/strong>.<\/p>\n\n\n\n<p>Otro aspecto que destac\u00f3 Menoni fue la promoci\u00f3n diaria de la convivencia democr\u00e1tica uruguaya, aspecto que defini\u00f3 como \u201cfundamental\u201d para la atracci\u00f3n de inversiones y turismo. Por este motivo, agradeci\u00f3 la presencia en el acto de lanzamiento al intendente de Tacuaremb\u00f3, Wilson Ezquerra, y del presidente del directorio del Partido Nacional, \u00c1lvaro Delgado.<\/p>\n\n\n\n<p>La actividad se desarroll\u00f3 este <strong>jueves 5 de febrero<\/strong> en la sede ministerial con la participaci\u00f3n tambi\u00e9n del presidente de la comisi\u00f3n organizadora de la celebraci\u00f3n, <strong>Hugo Pereda<\/strong>; el secretario nacional del Deporte, <strong>Alejandro Pereda<\/strong>, autoridades nacionales y departamentales, as\u00ed como m\u00fasicos de folklore.<\/p>\n\n\n\n<p><strong>39.\u00aa edici\u00f3n de la Fiesta de la Patria Gaucha<\/strong><\/p>\n\n\n\n<p>La fiesta declarada de inter\u00e9s nacional y patrimonial, consolida a la ciudad de Tacuaremb\u00f3 como la capital del tradicionalismo. Bajo el lema \u201cPilchas Gauchas: s\u00edmbolo de identidad y tradici\u00f3n\u201d,&nbsp;el evento ofrece nueve d\u00edas de inmersi\u00f3n en la cultura criolla, a trav\u00e9s de competencias ecuestres, gastronom\u00eda y espect\u00e1culos de primer nivel. El eje central es la competencia entre 30 sociedades tradicionalistas que recrean la vida de \u00e9poca, buscando preservar el legado del gaucho para las nuevas generaciones.<\/p>\n\n\n\n<p><a href=\"https:\/\/medios.presidencia.gub.uy\/tav_portal\/2026\/noticias\/AO_837\/Programa%20FPG26.pdf\" target=\"_blank\" rel=\"noreferrer noopener\">Grilla de actividades<\/a><\/p>\n","protected":false},"excerpt":{"rendered":"<p>El Ministerio de Turismo y la Intendencia de Tacuaremb\u00f3 presentaron una nueva edici\u00f3n de la Patria Gaucha que, desde el 7 hasta el 15 de<\/p>\n","protected":false},"author":1,"featured_media":8159,"comment_status":"closed","ping_status":"open","sticky":false,"template":"","format":"standard","meta":{"advgb_blocks_editor_width":"","advgb_blocks_columns_visual_guide":"","footnotes":"","jetpack_publicize_message":"","jetpack_publicize_feature_enabled":true,"jetpack_social_post_already_shared":true,"jetpack_social_options":{"image_generator_settings":{"template":"highway","default_image_id":0,"font":"","enabled":false},"version":2}},"categories":[7],"tags":[],"class_list":["post-8158","post","type-post","status-publish","format-standard","has-post-thumbnail","hentry","category-del-pais"],"author_meta":{"display_name":"Portal","author_link":"https:\/\/portaldeyoung.uy\/index.php\/author\/admin_port\/"},"featured_img":"https:\/\/portaldeyoung.uy\/wp-content\/uploads\/2026\/02\/fiesta-patria-gaucha-300x168.png","jetpack_publicize_connections":[],"coauthors":[],"tax_additional":{"categories":{"linked":["<a href=\"https:\/\/portaldeyoung.uy\/index.php\/category\/del-pais\/\" class=\"advgb-post-tax-term\">Del pa\u00eds<\/a>"],"unlinked":["<span class=\"advgb-post-tax-term\">Del pa\u00eds<\/span>"]}},"comment_count":"0","relative_dates":{"created":"Publicado 3 meses hace","modified":"Actualizado 3 meses hace"},"absolute_dates":{"created":"Publicado el febrero 9, 2026","modified":"Actualizado el febrero 8, 2026"},"absolute_dates_time":{"created":"Publicado el febrero 9, 2026 5:15 am","modified":"Actualizado el febrero 8, 2026 11:23 pm"},"featured_img_caption":"","series_order":"","_links":{"self":[{"href":"https:\/\/portaldeyoung.uy\/index.php\/wp-json\/wp\/v2\/posts\/8158","targetHints":{"allow":["GET"]}}],"collection":[{"href":"https:\/\/portaldeyoung.uy\/index.php\/wp-json\/wp\/v2\/posts"}],"about":[{"href":"https:\/\/portaldeyoung.uy\/index.php\/wp-json\/wp\/v2\/types\/post"}],"author":[{"embeddable":true,"href":"https:\/\/portaldeyoung.uy\/index.php\/wp-json\/wp\/v2\/users\/1"}],"replies":[{"embeddable":true,"href":"https:\/\/portaldeyoung.uy\/index.php\/wp-json\/wp\/v2\/comments?post=8158"}],"version-history":[{"count":1,"href":"https:\/\/portaldeyoung.uy\/index.php\/wp-json\/wp\/v2\/posts\/8158\/revisions"}],"predecessor-version":[{"id":8160,"href":"https:\/\/portaldeyoung.uy\/index.php\/wp-json\/wp\/v2\/posts\/8158\/revisions\/8160"}],"wp:featuredmedia":[{"embeddable":true,"href":"https:\/\/portaldeyoung.uy\/index.php\/wp-json\/wp\/v2\/media\/8159"}],"wp:attachment":[{"href":"https:\/\/portaldeyoung.uy\/index.php\/wp-json\/wp\/v2\/media?parent=8158"}],"wp:term":[{"taxonomy":"category","embeddable":true,"href":"https:\/\/portaldeyoung.uy\/index.php\/wp-json\/wp\/v2\/categories?post=8158"},{"taxonomy":"post_tag","embeddable":true,"href":"https:\/\/portaldeyoung.uy\/index.php\/wp-json\/wp\/v2\/tags?post=8158"}],"curies":[{"name":"wp","href":"https:\/\/api.w.org\/{rel}","templated":true}]}}