{"id":8141,"date":"2026-02-06T10:33:05","date_gmt":"2026-02-06T10:33:05","guid":{"rendered":"https:\/\/portaldeyoung.uy\/?p=8141"},"modified":"2026-02-09T00:23:47","modified_gmt":"2026-02-09T00:23:47","slug":"servicio-especial-de-omnibus-hacia-plaza-castroman-este-sabado-7-de-febrero","status":"publish","type":"post","link":"https:\/\/portaldeyoung.uy\/index.php\/2026\/02\/06\/servicio-especial-de-omnibus-hacia-plaza-castroman-este-sabado-7-de-febrero\/","title":{"rendered":"Servicio especial de \u00f3mnibus hacia Plaza Castrom\u00e1n este s\u00e1bado 7 de febrero"},"content":{"rendered":"\n<p>En el marco de las actividades de verano impulsadas en la ciudad, se dispondr\u00e1 un recorrido especial de \u00f3mnibus hacia Plaza Castrom\u00e1n el pr\u00f3ximo <strong>s\u00e1bado 7 de febrero<\/strong>, facilitando el traslado de vecinos hacia la zona del evento.<\/p>\n\n\n\n<p>El servicio forma parte de la propuesta \u201cYoung Modo Verano\u201d y contar\u00e1 con m\u00faltiples paradas distribuidas en distintos puntos de la ciudad, buscando mejorar la accesibilidad y promover la participaci\u00f3n de la comunidad.<\/p>\n\n\n\n<p>Seg\u00fan se inform\u00f3, el recorrido incluir\u00e1 paradas en:<br>Hervidero y 25 de Agosto; Hervidero y Montevideo; Hervidero y Timb\u00f3; Hervidero y Tacuaremb\u00f3; 18 de Julio y Salto; 18 de Julio y Oribe; 18 de Julio y Montevideo; Montevideo y Martiner\u00e9; Terminal de \u00d3mnibus; Dr. Zeballos y Las Piedras; Las Piedras y Juan P. Mar\u00edn; finalizando en Plaza Castrom\u00e1n.<\/p>\n\n\n\n<p>En cuanto a los horarios, el servicio de <strong>ida funcionar\u00e1 entre las 20:00 y las 21:00 horas<\/strong>, mientras que el recorrido de <strong>vuelta se realizar\u00e1 entre las 23:30 y las 00:30 horas<\/strong>.<\/p>\n\n\n\n<p>Desde la organizaci\u00f3n se destac\u00f3 que esta iniciativa busca facilitar el traslado seguro de los asistentes y acompa\u00f1ar el desarrollo de las actividades recreativas del verano, promoviendo la participaci\u00f3n de las familias y vecinos de distintos barrios.<\/p>\n\n\n\n<p>La propuesta es impulsada por el Gobierno de R\u00edo Negro y el Municipio de Young, en el marco de las actividades estivales programadas para la temporada.<\/p>\n","protected":false},"excerpt":{"rendered":"<p>En el marco de las actividades de verano impulsadas en la ciudad, se dispondr\u00e1 un recorrido especial de \u00f3mnibus hacia Plaza Castrom\u00e1n el pr\u00f3ximo s\u00e1bado<\/p>\n","protected":false},"author":1,"featured_media":8142,"comment_status":"closed","ping_status":"open","sticky":false,"template":"","format":"standard","meta":{"advgb_blocks_editor_width":"","advgb_blocks_columns_visual_guide":"","footnotes":"","jetpack_publicize_message":"","jetpack_publicize_feature_enabled":true,"jetpack_social_post_already_shared":true,"jetpack_social_options":{"image_generator_settings":{"template":"highway","default_image_id":0,"font":"","enabled":false},"version":2}},"categories":[28],"tags":[],"class_list":["post-8141","post","type-post","status-publish","format-standard","has-post-thumbnail","hentry","category-de-la-ciudad"],"author_meta":{"display_name":"Portal","author_link":"https:\/\/portaldeyoung.uy\/index.php\/author\/admin_port\/"},"featured_img":"https:\/\/portaldeyoung.uy\/wp-content\/uploads\/2026\/02\/recorrido-omnibus-300x193.jpg","jetpack_publicize_connections":[],"coauthors":[],"tax_additional":{"categories":{"linked":["<a href=\"https:\/\/portaldeyoung.uy\/index.php\/category\/de-la-ciudad\/\" class=\"advgb-post-tax-term\">De la ciudad<\/a>"],"unlinked":["<span class=\"advgb-post-tax-term\">De la ciudad<\/span>"]}},"comment_count":"0","relative_dates":{"created":"Publicado 3 meses hace","modified":"Actualizado 3 meses hace"},"absolute_dates":{"created":"Publicado el febrero 6, 2026","modified":"Actualizado el febrero 9, 2026"},"absolute_dates_time":{"created":"Publicado el febrero 6, 2026 10:33 am","modified":"Actualizado el febrero 9, 2026 12:23 am"},"featured_img_caption":"","series_order":"","_links":{"self":[{"href":"https:\/\/portaldeyoung.uy\/index.php\/wp-json\/wp\/v2\/posts\/8141","targetHints":{"allow":["GET"]}}],"collection":[{"href":"https:\/\/portaldeyoung.uy\/index.php\/wp-json\/wp\/v2\/posts"}],"about":[{"href":"https:\/\/portaldeyoung.uy\/index.php\/wp-json\/wp\/v2\/types\/post"}],"author":[{"embeddable":true,"href":"https:\/\/portaldeyoung.uy\/index.php\/wp-json\/wp\/v2\/users\/1"}],"replies":[{"embeddable":true,"href":"https:\/\/portaldeyoung.uy\/index.php\/wp-json\/wp\/v2\/comments?post=8141"}],"version-history":[{"count":1,"href":"https:\/\/portaldeyoung.uy\/index.php\/wp-json\/wp\/v2\/posts\/8141\/revisions"}],"predecessor-version":[{"id":8143,"href":"https:\/\/portaldeyoung.uy\/index.php\/wp-json\/wp\/v2\/posts\/8141\/revisions\/8143"}],"wp:featuredmedia":[{"embeddable":true,"href":"https:\/\/portaldeyoung.uy\/index.php\/wp-json\/wp\/v2\/media\/8142"}],"wp:attachment":[{"href":"https:\/\/portaldeyoung.uy\/index.php\/wp-json\/wp\/v2\/media?parent=8141"}],"wp:term":[{"taxonomy":"category","embeddable":true,"href":"https:\/\/portaldeyoung.uy\/index.php\/wp-json\/wp\/v2\/categories?post=8141"},{"taxonomy":"post_tag","embeddable":true,"href":"https:\/\/portaldeyoung.uy\/index.php\/wp-json\/wp\/v2\/tags?post=8141"}],"curies":[{"name":"wp","href":"https:\/\/api.w.org\/{rel}","templated":true}]}}