{"id":8121,"date":"2026-02-06T09:56:21","date_gmt":"2026-02-06T09:56:21","guid":{"rendered":"https:\/\/portaldeyoung.uy\/?p=8121"},"modified":"2026-02-06T09:56:25","modified_gmt":"2026-02-06T09:56:25","slug":"nueve-de-los-11-detenidos-por-el-tunel-en-ciudad-vieja-vivian-desde-diciembre-en-una-casa-alquilada-en-el-pinar","status":"publish","type":"post","link":"https:\/\/portaldeyoung.uy\/index.php\/2026\/02\/06\/nueve-de-los-11-detenidos-por-el-tunel-en-ciudad-vieja-vivian-desde-diciembre-en-una-casa-alquilada-en-el-pinar\/","title":{"rendered":"Nueve de los 11 detenidos por el t\u00fanel en Ciudad Vieja viv\u00edan desde diciembre en una casa alquilada en El Pinar"},"content":{"rendered":"\n<p>Nueve de los once detenidos en el marco de la investigaci\u00f3n por el <strong>t\u00fanel<\/strong> hallado en <strong>Ciudad Vieja<\/strong> para robar un banco, viv\u00edan en una <strong>casa<\/strong> alquilada en <strong>El Pinar<\/strong>, indicaron fuentes del caso a <em><strong>Subrayado<\/strong><\/em>.<\/p>\n\n\n\n<p>En la casa se alojaban todos los extranjeros detenidos, entre otras personas. Un equipo de <em><strong>Subrayado<\/strong><\/em> estuvo este mi\u00e9rcoles de tarde en la vivienda. En el lugar, se presentaron representantes de la inmobiliaria a limpiar la casa.<\/p>\n\n\n\n<p>La vivienda hab\u00eda sido alquilada durante tres meses: desde el 20 de diciembre al 20 de marzo.<\/p>\n\n\n\n<h3 class=\"wp-block-heading\">\u00abNo es que sea una organizaci\u00f3n que todos ten\u00edan relaciones entre ellos\u00bb, afirm\u00f3 abogado de detenidos por el t\u00fanel<\/h3>\n\n\n\n<p>El abogado Pablo Cas\u00e1s representa a diez de los once detenidos en el marco de la investigaci\u00f3n por el <strong>t\u00fanel<\/strong> en <strong>Ciudad Vieja<\/strong> que los investigadores presumen que ser\u00eda utilizado para cometer un robo a la casa matriz del Banco Rep\u00fablica, seg\u00fan indicaron a <em><strong>Subrayado<\/strong><\/em> fuentes del caso.<\/p>\n\n\n\n<p>En total, son cuatro brasile\u00f1os, dos paraguayos y cinco uruguayos los detenidos. Tienen entre 25 y 40 a\u00f1os. Una parte de los detenidos es investigada por narcotr\u00e1fico y otra por asociaci\u00f3n para delinquir y por el t\u00fanel hallado desde un local comercial en calle Col\u00f3n.<\/p>\n\n\n\n<p>Cas\u00e1s indic\u00f3 que de la investigaci\u00f3n no surge que tengan contacto con el exterior o que respondan a alguna organizaci\u00f3n criminal internacional. Ninguno de los detenidos ha manifestado ser el l\u00edder de la banda. El abogado asegur\u00f3 que no todos tienen v\u00ednculos y varios no se conocen entre s\u00ed. \u00abNo es que sea una organizaci\u00f3n que todos ten\u00edan relaciones entre ellos, no es as\u00ed\u00bb, afirm\u00f3.<\/p>\n\n\n\n<p>El representante de los detenidos indic\u00f3 que la investigaci\u00f3n comenz\u00f3 por una boca de drogas, seg\u00fan surge de la carpeta fiscal, y que la indagatoria deriv\u00f3 en la ubicaci\u00f3n del local donde se encontr\u00f3 a un brasile\u00f1o.<\/p>\n","protected":false},"excerpt":{"rendered":"<p>Nueve de los once detenidos en el marco de la investigaci\u00f3n por el t\u00fanel hallado en Ciudad Vieja para robar un banco, viv\u00edan en una<\/p>\n","protected":false},"author":1,"featured_media":8122,"comment_status":"closed","ping_status":"open","sticky":false,"template":"","format":"standard","meta":{"advgb_blocks_editor_width":"","advgb_blocks_columns_visual_guide":"","footnotes":"","jetpack_publicize_message":"","jetpack_publicize_feature_enabled":true,"jetpack_social_post_already_shared":true,"jetpack_social_options":{"image_generator_settings":{"template":"highway","default_image_id":0,"font":"","enabled":false},"version":2}},"categories":[7],"tags":[],"class_list":["post-8121","post","type-post","status-publish","format-standard","has-post-thumbnail","hentry","category-del-pais"],"author_meta":{"display_name":"Portal","author_link":"https:\/\/portaldeyoung.uy\/index.php\/author\/admin_port\/"},"featured_img":"https:\/\/portaldeyoung.uy\/wp-content\/uploads\/2026\/02\/chalet-el-pinar-300x192.png","jetpack_publicize_connections":[],"coauthors":[],"tax_additional":{"categories":{"linked":["<a href=\"https:\/\/portaldeyoung.uy\/index.php\/category\/del-pais\/\" class=\"advgb-post-tax-term\">Del pa\u00eds<\/a>"],"unlinked":["<span class=\"advgb-post-tax-term\">Del pa\u00eds<\/span>"]}},"comment_count":"0","relative_dates":{"created":"Publicado 3 meses hace","modified":"Actualizado 3 meses hace"},"absolute_dates":{"created":"Publicado el febrero 6, 2026","modified":"Actualizado el febrero 6, 2026"},"absolute_dates_time":{"created":"Publicado el febrero 6, 2026 9:56 am","modified":"Actualizado el febrero 6, 2026 9:56 am"},"featured_img_caption":"","series_order":"","_links":{"self":[{"href":"https:\/\/portaldeyoung.uy\/index.php\/wp-json\/wp\/v2\/posts\/8121","targetHints":{"allow":["GET"]}}],"collection":[{"href":"https:\/\/portaldeyoung.uy\/index.php\/wp-json\/wp\/v2\/posts"}],"about":[{"href":"https:\/\/portaldeyoung.uy\/index.php\/wp-json\/wp\/v2\/types\/post"}],"author":[{"embeddable":true,"href":"https:\/\/portaldeyoung.uy\/index.php\/wp-json\/wp\/v2\/users\/1"}],"replies":[{"embeddable":true,"href":"https:\/\/portaldeyoung.uy\/index.php\/wp-json\/wp\/v2\/comments?post=8121"}],"version-history":[{"count":1,"href":"https:\/\/portaldeyoung.uy\/index.php\/wp-json\/wp\/v2\/posts\/8121\/revisions"}],"predecessor-version":[{"id":8123,"href":"https:\/\/portaldeyoung.uy\/index.php\/wp-json\/wp\/v2\/posts\/8121\/revisions\/8123"}],"wp:featuredmedia":[{"embeddable":true,"href":"https:\/\/portaldeyoung.uy\/index.php\/wp-json\/wp\/v2\/media\/8122"}],"wp:attachment":[{"href":"https:\/\/portaldeyoung.uy\/index.php\/wp-json\/wp\/v2\/media?parent=8121"}],"wp:term":[{"taxonomy":"category","embeddable":true,"href":"https:\/\/portaldeyoung.uy\/index.php\/wp-json\/wp\/v2\/categories?post=8121"},{"taxonomy":"post_tag","embeddable":true,"href":"https:\/\/portaldeyoung.uy\/index.php\/wp-json\/wp\/v2\/tags?post=8121"}],"curies":[{"name":"wp","href":"https:\/\/api.w.org\/{rel}","templated":true}]}}