{"id":8093,"date":"2026-02-05T06:45:00","date_gmt":"2026-02-05T06:45:00","guid":{"rendered":"https:\/\/portaldeyoung.uy\/?p=8093"},"modified":"2026-02-10T16:47:05","modified_gmt":"2026-02-10T16:47:05","slug":"imperio-candombero-el-sonar-de-la-lonja-la-integracion-social-y-los-desafios","status":"publish","type":"post","link":"https:\/\/portaldeyoung.uy\/index.php\/2026\/02\/05\/imperio-candombero-el-sonar-de-la-lonja-la-integracion-social-y-los-desafios\/","title":{"rendered":"Imperio Candombero: el sonar de la lonja, la integraci\u00f3n social y los desaf\u00edos"},"content":{"rendered":"\n<p>Durante a\u00f1os, el sonido del candombe no se conoc\u00eda en Young. Un eco lejano de una tradici\u00f3n profundamente uruguaya y montevideana que parec\u00eda haber quedado guardada en la memoria cultural de la zona metropolitana. Sin embargo, en los \u00faltimos tiempos, ese latido resurgi\u00f3 con fuerza. Primero t\u00edmido, despu\u00e9s firme. Hoy, tres comparsas mantienen viva y en crecimiento la m\u00fasica afro uruguaya, marcando un presente donde la identidad, la cultura y lo social caminan de la mano.<\/p>\n\n\n\n<p>Detr\u00e1s de este resurgir hay historias de pasi\u00f3n, de barrio y de comunidad. Historias de gente que decidi\u00f3 que el candombe ten\u00eda que  sonar en las calles de la ciudad. Entre esas experiencias aparece <strong>Imperio Candombero<\/strong>, una comparsa joven, pero con una energ\u00eda que ya se hace sentir dentro y fuera de la ciudad.<\/p>\n\n\n\n<p>Imperio naci\u00f3 en junio de 2025, impulsada por un grupo de amigos que decidi\u00f3 transformar una idea en realidad. Sin grandes estructuras iniciales, pero con convicci\u00f3n, el proyecto empez\u00f3 a tomar forma hasta convertirse en lo que es hoy. Claudia da Costa, una de sus referentes, resume ese proceso con sencillez: fue el resultado de las ganas de hacer, de juntarse, de construir algo propio.<\/p>\n\n\n\n<p>Desde el comienzo, encontraron un respaldo clave en la sede de Atlanta, que abri\u00f3 sus puertas para los ensayos. Ese espacio no solo permiti\u00f3 trabajar lo art\u00edstico, sino tambi\u00e9n fortalecer la identidad del grupo. M\u00e1s adelante, el acceso al Presupuesto Participativo permiti\u00f3 dar un salto importante: incorporar tambores, mejorar instalaciones, acondicionar espacios con espejos para ensayos de baile y coreograf\u00edas. El pr\u00f3ximo objetivo ya est\u00e1 planteado: contar con un contenedor propio para resguardar instrumentos, vestuario y materiales.<\/p>\n\n\n\n<p>Pero Imperio Candombero es mucho m\u00e1s que m\u00fasica y presentaciones. Es tambi\u00e9n un espacio social. Hoy son alrededor de 90 integrantes, entre j\u00f3venes, adultos y familias enteras que encontraron en la comparsa un lugar de pertenencia. Un punto de encuentro donde se construyen v\u00ednculos, amistades y oportunidades.<\/p>\n\n\n\n<p>La integraci\u00f3n de j\u00f3venes del barrio es uno de los pilares del proyecto. La comparsa funciona como un espacio de contenci\u00f3n, aprendizaje y crecimiento colectivo. La experiencia ha superado expectativas y ha generado una sorpresa positiva entre quienes la integran, al ver el impacto social que logr\u00f3 en tan poco tiempo.<\/p>\n\n\n\n<p>En lo art\u00edstico, la comparsa desarrolla su propuesta bajo el concepto <strong>\u201cIdentidad\u201d<\/strong>, una construcci\u00f3n colectiva donde cada \u00e1rea tiene su rol. El cuerpo de baile est\u00e1 a cargo de Luc\u00eda Pi\u00f1eyro,Valeria Boc-Ho y Esteban Igua, mientras que la cuerda de tambores tiene la conducci\u00f3n de Catriel Banega. La organizaci\u00f3n y tesorer\u00eda est\u00e1n en manos de M\u00f3nica Lima y Miguel Pi\u00f1eyro. El \u00e1rea social, eje fundamental del proyecto, es coordinada por Claudia da Costa, junto a un equipo que trabaja para sostener el crecimiento humano del grupo.<\/p>\n\n\n\n<p>El movimiento ya trasciende fronteras locales. Imperio Candombero comenz\u00f3 febrero present\u00e1ndose en Fray Bentos y mantiene una agenda activa: Nuevo Berl\u00edn, Young, nuevamente Fray Bentos, Flores y Sarand\u00ed del Y\u00ed forman parte de un calendario que confirma el momento de expansi\u00f3n que vive la comparsa.<\/p>\n\n\n\n<p>El candombe en Young no es solamente el impulso de un ritmo. Es la puesta en valor de una expresi\u00f3n cultural que habla de historia, de ra\u00edces y de identidad. Pero tambi\u00e9n es presente: es juventud, es comunidad, es construcci\u00f3n colectiva.<\/p>\n\n\n\n<p>Hoy, cuando los tambores suenan en Young, no solo marcan un comp\u00e1s. Marcan un camino.<\/p>\n\n\n\n<p>Entrevista <strong>AUDIO<\/strong>:<\/p>\n\n\n\n<figure class=\"wp-block-audio\"><audio controls src=\"https:\/\/portaldeyoung.uy\/wp-content\/uploads\/2026\/02\/Claudia-Da-Costa.mp3\"><\/audio><\/figure>\n\n\n\n<div class=\"wp-block-advgb-images-slider advgb-images-slider-block advg-images-slider-a0bdfd17-6666-4ebf-915a-7e6fe0edb302\"><div class=\"advgb-images-slider\" dir=\"ltr\"><div class=\"advgb-image-slider-item\"><img decoding=\"async\" src=\"https:\/\/portaldeyoung.uy\/wp-content\/uploads\/2026\/02\/WhatsApp-Image-2026-02-04-at-8.21.31-PM-1.jpeg\" class=\"advgb-image-slider-img\" alt=\"\" style=\"width:100%;height:auto\"\/><div class=\"advgb-image-slider-item-info\" style=\"justify-content:center;align-items:center\"><\/div><\/div><div class=\"advgb-image-slider-item\"><img decoding=\"async\" src=\"https:\/\/portaldeyoung.uy\/wp-content\/uploads\/2026\/02\/WhatsApp-Image-2026-02-04-at-8.21.31-PM.jpeg\" class=\"advgb-image-slider-img\" alt=\"\" style=\"width:100%;height:auto\"\/><div class=\"advgb-image-slider-item-info\" style=\"justify-content:center;align-items:center\"><\/div><\/div><div class=\"advgb-image-slider-item\"><img decoding=\"async\" src=\"https:\/\/portaldeyoung.uy\/wp-content\/uploads\/2026\/02\/WhatsApp-Image-2026-02-04-at-8.21.32-PM.jpeg\" class=\"advgb-image-slider-img\" alt=\"\" style=\"width:100%;height:auto\"\/><div class=\"advgb-image-slider-item-info\" style=\"justify-content:center;align-items:center\"><\/div><\/div><\/div><\/div>\n","protected":false},"excerpt":{"rendered":"<p>Durante a\u00f1os, el sonido del candombe no se conoc\u00eda en Young. Un eco lejano de una tradici\u00f3n profundamente uruguaya y montevideana que parec\u00eda haber quedado<\/p>\n","protected":false},"author":1,"featured_media":8095,"comment_status":"closed","ping_status":"open","sticky":false,"template":"","format":"standard","meta":{"advgb_blocks_editor_width":"","advgb_blocks_columns_visual_guide":"","footnotes":"","jetpack_publicize_message":"","jetpack_publicize_feature_enabled":true,"jetpack_social_post_already_shared":true,"jetpack_social_options":{"image_generator_settings":{"template":"highway","default_image_id":0,"font":"","enabled":false},"version":2}},"categories":[28],"tags":[],"class_list":["post-8093","post","type-post","status-publish","format-standard","has-post-thumbnail","hentry","category-de-la-ciudad"],"author_meta":{"display_name":"Portal","author_link":"https:\/\/portaldeyoung.uy\/index.php\/author\/admin_port\/"},"featured_img":"https:\/\/portaldeyoung.uy\/wp-content\/uploads\/2026\/02\/Imperio-300x140.jpeg","jetpack_publicize_connections":[],"coauthors":[],"tax_additional":{"categories":{"linked":["<a href=\"https:\/\/portaldeyoung.uy\/index.php\/category\/de-la-ciudad\/\" class=\"advgb-post-tax-term\">De la ciudad<\/a>"],"unlinked":["<span class=\"advgb-post-tax-term\">De la ciudad<\/span>"]}},"comment_count":"0","relative_dates":{"created":"Publicado 3 meses hace","modified":"Actualizado 3 meses hace"},"absolute_dates":{"created":"Publicado el febrero 5, 2026","modified":"Actualizado el febrero 10, 2026"},"absolute_dates_time":{"created":"Publicado el febrero 5, 2026 6:45 am","modified":"Actualizado el febrero 10, 2026 4:47 pm"},"featured_img_caption":"","series_order":"","_links":{"self":[{"href":"https:\/\/portaldeyoung.uy\/index.php\/wp-json\/wp\/v2\/posts\/8093","targetHints":{"allow":["GET"]}}],"collection":[{"href":"https:\/\/portaldeyoung.uy\/index.php\/wp-json\/wp\/v2\/posts"}],"about":[{"href":"https:\/\/portaldeyoung.uy\/index.php\/wp-json\/wp\/v2\/types\/post"}],"author":[{"embeddable":true,"href":"https:\/\/portaldeyoung.uy\/index.php\/wp-json\/wp\/v2\/users\/1"}],"replies":[{"embeddable":true,"href":"https:\/\/portaldeyoung.uy\/index.php\/wp-json\/wp\/v2\/comments?post=8093"}],"version-history":[{"count":2,"href":"https:\/\/portaldeyoung.uy\/index.php\/wp-json\/wp\/v2\/posts\/8093\/revisions"}],"predecessor-version":[{"id":8106,"href":"https:\/\/portaldeyoung.uy\/index.php\/wp-json\/wp\/v2\/posts\/8093\/revisions\/8106"}],"wp:featuredmedia":[{"embeddable":true,"href":"https:\/\/portaldeyoung.uy\/index.php\/wp-json\/wp\/v2\/media\/8095"}],"wp:attachment":[{"href":"https:\/\/portaldeyoung.uy\/index.php\/wp-json\/wp\/v2\/media?parent=8093"}],"wp:term":[{"taxonomy":"category","embeddable":true,"href":"https:\/\/portaldeyoung.uy\/index.php\/wp-json\/wp\/v2\/categories?post=8093"},{"taxonomy":"post_tag","embeddable":true,"href":"https:\/\/portaldeyoung.uy\/index.php\/wp-json\/wp\/v2\/tags?post=8093"}],"curies":[{"name":"wp","href":"https:\/\/api.w.org\/{rel}","templated":true}]}}